{"id":69,"date":"2008-04-30T21:09:52","date_gmt":"2008-04-30T19:09:52","guid":{"rendered":"http:\/\/bernhardschloss.de\/cgi-bin\/weblog_basic\/index.php?p=65"},"modified":"2008-04-30T21:09:52","modified_gmt":"2008-04-30T19:09:52","slug":"56-inhaltliche-orientierung-im-pm","status":"publish","type":"post","link":"https:\/\/www.bernhardschloss.de\/blog\/56-inhaltliche-orientierung-im-pm\/","title":{"rendered":"#56 Inhaltliche Orientierung im PM"},"content":{"rendered":"<p>Projektmanagement wirf h\u00e4ufig als ein formaler Methodenbaukasten verstanden.<\/p>\n<p>Ein solches Verst\u00e4ndnis greift allerdings zu kurz: Projektmanagement ist weitaus mehr, denn vor allem: Projektmanagement ist kein Selbstzweck!<\/p>\n<p>Projekte sind eine zielorientierte Veranstaltung und damit dies auch tats\u00e4chlich so ist, ist das Projektmanagement gefordert. Projektmanagement muss hierf\u00fcr vor allem auch erfolgs- und zielorientiert sein. Ein rein formales Projektmanagement kann dies nicht gew\u00e4hrleisten. Bei einer formalen Orientierung wird lediglich der Erfolg oder Misserfolg dokumentiert.<\/p>\n<p>Erfolgreiches Projektmanagement muss sich daher auch mit den Inhalten, die es umzusetzen gilt, besch\u00e4ftigen. <\/p>\n<p>Der Projektmanager ist kein b\u00fcrokratischer Verwalter, sondern Umsetzungsberater.<\/p>\n<div class=\"twoclick_social_bookmarks_post_69 social_share_privacy clearfix 1.6.4 locale-de_DE sprite-de_DE\"><\/div><div class=\"twoclick-js\"><script type=\"text\/javascript\">\/* <![CDATA[ *\/\njQuery(document).ready(function($){if($('.twoclick_social_bookmarks_post_69')){$('.twoclick_social_bookmarks_post_69').socialSharePrivacy({\"services\":{\"facebook\":{\"status\":\"on\",\"txt_info\":\"\",\"perma_option\":\"off\",\"action\":\"recommend\",\"language\":\"de_DE\"},\"twitter\":{\"reply_to\":\"schlossblog\",\"tweet_text\":\"%2356%20Inhaltliche%20Orientierung%20im%20PM%20%C2%BB%20schlossBlog\",\"status\":\"on\",\"txt_info\":\"\",\"perma_option\":\"off\",\"language\":\"de\",\"referrer_track\":\"\"},\"xing\":{\"status\":\"on\",\"txt_info\":\"\",\"perma_option\":\"off\",\"language\":\"de\",\"referrer_track\":\"\"},\"t3n\":{\"status\":\"on\",\"txt_info\":\"2 Klicks f\\u00fcr mehr Datenschutz: Erst wenn Sie hier klicken, wird der Button aktiv und Sie k\\u00f6nnen Ihre Empfehlung an t3n senden. Schon beim Aktivieren werden Daten an Dritte \\u00fcbertragen - siehe <em>i<\\\/em>.\",\"perma_option\":\"off\"},\"linkedin\":{\"status\":\"on\",\"txt_info\":\"2 Klicks f\\u00fcr mehr Datenschutz: Erst wenn Sie hier klicken, wird der Button aktiv und Sie k\\u00f6nnen Ihre Empfehlung an LinkedIn senden. Schon beim Aktivieren werden Daten an Dritte \\u00fcbertragen - siehe <em>i<\\\/em>.\",\"perma_option\":\"off\"}},\"txt_help\":\"\",\"settings_perma\":\"\",\"info_link\":\"\",\"uri\":\"https:\\\/\\\/www.bernhardschloss.de\\\/blog\\\/56-inhaltliche-orientierung-im-pm\\\/\",\"post_id\":69,\"post_title_referrer_track\":\"%2356+Inhaltliche+Orientierung+im+PM\",\"display_infobox\":\"on\"});}});\n\/* ]]> *\/<\/script><\/div>","protected":false},"excerpt":{"rendered":"<p>Projektmanagement wirf h\u00e4ufig als ein formaler Methodenbaukasten verstanden. Ein solches Verst\u00e4ndnis greift allerdings zu kurz: Projektmanagement ist weitaus mehr, denn vor allem: Projektmanagement ist kein Selbstzweck! Projekte sind eine zielorientierte Veranstaltung und damit dies auch tats\u00e4chlich so ist, ist das Projektmanagement gefordert. Projektmanagement muss hierf\u00fcr vor allem auch erfolgs- und zielorientiert sein. Ein rein formales [&hellip;]<\/p>\n","protected":false},"author":4,"featured_media":0,"comment_status":"open","ping_status":"closed","sticky":false,"template":"","format":"standard","meta":{"_crdt_document":"","footnotes":""},"categories":[1,8],"tags":[],"class_list":["post-69","post","type-post","status-publish","format-standard","hentry","category-allgemein","category-projektmanagement"],"_links":{"self":[{"href":"https:\/\/www.bernhardschloss.de\/blog\/wp-json\/wp\/v2\/posts\/69","targetHints":{"allow":["GET"]}}],"collection":[{"href":"https:\/\/www.bernhardschloss.de\/blog\/wp-json\/wp\/v2\/posts"}],"about":[{"href":"https:\/\/www.bernhardschloss.de\/blog\/wp-json\/wp\/v2\/types\/post"}],"author":[{"embeddable":true,"href":"https:\/\/www.bernhardschloss.de\/blog\/wp-json\/wp\/v2\/users\/4"}],"replies":[{"embeddable":true,"href":"https:\/\/www.bernhardschloss.de\/blog\/wp-json\/wp\/v2\/comments?post=69"}],"version-history":[{"count":0,"href":"https:\/\/www.bernhardschloss.de\/blog\/wp-json\/wp\/v2\/posts\/69\/revisions"}],"wp:attachment":[{"href":"https:\/\/www.bernhardschloss.de\/blog\/wp-json\/wp\/v2\/media?parent=69"}],"wp:term":[{"taxonomy":"category","embeddable":true,"href":"https:\/\/www.bernhardschloss.de\/blog\/wp-json\/wp\/v2\/categories?post=69"},{"taxonomy":"post_tag","embeddable":true,"href":"https:\/\/www.bernhardschloss.de\/blog\/wp-json\/wp\/v2\/tags?post=69"}],"curies":[{"name":"wp","href":"https:\/\/api.w.org\/{rel}","templated":true}]}}