{"id":5338,"date":"2024-03-29T22:16:55","date_gmt":"2024-03-29T20:16:55","guid":{"rendered":"https:\/\/www.bernhardschloss.de\/blog\/?p=5338"},"modified":"2024-12-30T09:48:17","modified_gmt":"2024-12-30T07:48:17","slug":"zum-tod-von-daniel-kahnemann","status":"publish","type":"post","link":"https:\/\/www.bernhardschloss.de\/blog\/zum-tod-von-daniel-kahnemann\/","title":{"rendered":"Zum Tod von Daniel Kahnemann"},"content":{"rendered":"\n<p class=\"wp-block-paragraph\">Mit 90 Jahren ist am 27. M\u00e4rz Daniel Kahnemann gestorben. <a href=\"https:\/\/www.sueddeutsche.de\/kultur\/daniel-kahneman-nachruf-1.6497588\" target=\"_blank\" rel=\"noreferrer noopener\">Andrian Kreye<\/a> schreibt \u00fcber ihn in der S\u00fcddeutschen Zeitung: <\/p>\n\n\n\n<blockquote class=\"wp-block-quote is-layout-flow wp-block-quote-is-layout-flow\">\n<p class=\"wp-block-paragraph\">Wirtschaftsnobelpreistr\u00e4ger Daniel Kahneman hat den Mythos vom vern\u00fcnf\u00adtigen \u201eHomo oeconomicus\u201c entzaubert und mit seinen B\u00fcchern ein Millionenpublikum begeistert.&nbsp;[&#8230;]<\/p>\n\n\n\n<p class=\"wp-block-paragraph\">[&#8230;], der Mann, der den Menschen gezeigt hat, wie sie denken und wie sie handeln. Der das Forschungsfeld der Verhaltens\u00f6konomie begr\u00fcndete und daf\u00fcr 2002 einen Wirtschaftsnobelpreis bekam. [&#8230;]<\/p>\n\n\n\n<p class=\"wp-block-paragraph\">Er wusste um die Grenzen des Denkens bei den anderen, und deswegen auch bei sich selbst. [&#8230;]<\/p>\n\n\n\n<p class=\"wp-block-paragraph\">Es war vor allem seine Unterscheidung zwischen dem &#8222;schnellen Denken&#8220; der Impulse und Emotionen und dem &#8222;langsamen Denken&#8220; der Vernunft und Risikoabsch\u00e4tzung, die seine Wissenschaft der Verhaltens\u00f6konomie einer breiten Leserschaft begreiflich machte. [&#8230;]<\/p>\n<\/blockquote>\n\n\n\n<p class=\"wp-block-paragraph\">Sein Buch &#8222;Schnelles Denken, langsames Denken habe ich <a href=\"https:\/\/www.bernhardschloss.de\/blog\/549-gelesen-schnelles-denken-langsames-denken\/\" data-type=\"post\" data-id=\"2365\" target=\"_blank\" rel=\"noreferrer noopener\">hier<\/a> auch schon aufgegriffen. Aus gegebenem Anlass hier noch einmal:<\/p>\n\n\n\n<p class=\"wp-block-paragraph\"><a href=\"https:\/\/picasaweb.google.com\/lh\/photo\/Rp2T3dazSg-E58IMpdg7xdMTjNZETYmyPJy0liipFm0?feat=embedwebsite\"><img loading=\"lazy\" decoding=\"async\" width=\"144\" height=\"96\" src=\"https:\/\/lh4.googleusercontent.com\/-w8DbIlYKFjQ\/UOmuzSJpAjI\/AAAAAAAAA2M\/XD5G2grUjBs\/s144\/Buch.jpg\" alt=\"\"><\/a><br>Daniel Kahnemanns mehr als lesenswertes Buch &#8222;Schnelles Denken, langsames Denken&#8220; ist so etwas wie das Res\u00fcmee eines gro\u00dfartigen Denkers. Kahnemann f\u00fchrt auch den Laien in die state-of-the-art &nbsp;Kognitionspsychologie ein und zeigt, wissenschaftlich fundiert und trotzdem leicht lesbar wie wir &#8222;Ticken&#8220; und &#8222;Entscheiden&#8220;. Gleichzeitig ist es so etwas wie die Bilanz eines Lebenswerkes.<\/p>\n\n\n\n<p class=\"wp-block-paragraph\">Das Rationalti\u00e4tskonzept eines Homo Oeconomicus ist l\u00e4ngst \u00fcberholt und&nbsp;Kahnemann hat f\u00fcr seinen Beitrag zur Neuen Erwartungstehorie immerhin den Wirtschafts-Nobelpreis bekommen.<\/p>\n\n\n\n<p class=\"wp-block-paragraph\">Kahnemann beschreibt das Modell zweier kognitiver Systeme (System 1: f\u00fcr schnelles Denken, System 2: f\u00fcr langsames Denken) und deren Zusammenspiel.<\/p>\n\n\n\n<!--more-->\n\n\n\n<p class=\"wp-block-paragraph\">Mit diesem Modell lassen sich zahlreiche Verhaltens- und Entscheidungsmuster psychologisch erkl\u00e4ren, z.B.:<\/p>\n\n\n\n<ul class=\"wp-block-list\">\n<li>Ersetzungen (wenn wir eine schwierige Frage durch eine andere Ersetzen, die wir leichter beantworten k\u00f6nnen)<\/li>\n\n\n\n<li>Mentale Ressourcen (die nat\u00fcrlich nicht unbeschr\u00e4nkt sind)<\/li>\n\n\n\n<li>Priming (unsere Beeinflussung durch vorangegangene Reize)<\/li>\n\n\n\n<li>Mere-Exposure-Effekte (h\u00e4ufigere Darbietung f\u00fchrt zu positiver Bewertung)<\/li>\n\n\n\n<li>HALO-Effekt (der erste Eindruck wird verst\u00e4rkt, manchmal soweit, dass nachfolgende Informationen gr\u00f6\u00dftenteils unber\u00fccksichtigt bleiben)<\/li>\n\n\n\n<li>WYSIATI ( What You See Is All There Is &#8211; Wir unterliegen der Illusion, dass die uns vorliegenden Informationen die Entscheidungssituation bereits vollst\u00e4ndig beschreiben)<\/li>\n\n\n\n<li>Gesetz der kleinen Zahlen (\u00fcberzogener Glaube an die Aussagekraft kleiner Stichproben und die Fehlinterpretation kausaler Erkl\u00e4rungsmuster)<\/li>\n\n\n\n<li>Ankereffekte (insbesondere bei&nbsp;Sch\u00e4tzproblemen werden wir von einer Zahl oder Aussage beeinflusst, die offenkundig keinen Informationsgehalt hat)<\/li>\n\n\n\n<li>Affektheuristiken &nbsp;(Welche Gef\u00fchle weckt das in mir? Statt: Was denke ich dar\u00fcber?)<\/li>\n\n\n\n<li>Kognitive Verzerrungen<\/li>\n\n\n\n<li>Regression zum Mittelwert<\/li>\n\n\n\n<li>Koh\u00e4renz der besten Geschichte<\/li>\n\n\n\n<li>Falsche kausale Interpretation von Regression<\/li>\n\n\n\n<li>Narrative Verzerrungen (fehlerhafte Geschichten \u00fcber die Vergangenheit pr\u00e4gen unsere Weltanschauungen und Zukunftserwartungen)<\/li>\n\n\n\n<li>R\u00fcckschaufehler (sobald wir uns eine neue Sicht der Welt (oder eines Teils von ihr) zu eigen machen, verlieren wir sofort einen Gro\u00dfteil unserer F\u00e4higkeiten, uns an das zu erinnern, was wir glaubten, ehe wir unsere Einstellungen ge\u00e4ndert haben)<\/li>\n\n\n\n<li>Tendenz zur Sinngebung (\u201eDie Sinngebungsmaschinerie von System 1 l\u00e4sst uns die Welt geordneter, einfacher, vorhersagbarer und koh\u00e4renter sehen, als sie tats\u00e4chlich ist.\u201c)<\/li>\n\n\n\n<li>Kompetenzillusion (selbst bei gleicher Information kommen selbst Experten zu unterschiedlichen Ergebnissen, z.B. am Aktienmarkt)<\/li>\n\n\n\n<li>Optimistische Verzerrung (die meisten von uns sehen die Welt positiver, als sie ist)<\/li>\n\n\n\n<li>Beurteilung seltener Ereignisse (\u00dcbersch\u00e4tzung und \u00dcbergewichtung seltener Ereignisse)<\/li>\n\n\n\n<li>Fokussierung &amp; \u00dcbergewichtung<\/li>\n\n\n\n<li>Mentale Buchf\u00fchrung &amp; Framing (wir f\u00fchren f\u00fcr jeden Einzelfall getrennt Buch und f\u00e4llen unsere Entscheidungen dann aufgrund der jeweiligen Buchhaltung statt in der Gesamtsicht)<\/li>\n\n\n\n<li>Dispositionseffekte<\/li>\n\n\n\n<li>Framing-Effekte (ungerechtfertigte Einfl\u00fcsse von Formulierungen auf \u00dcberzeugungen und Pr\u00e4ferenzen)<\/li>\n\n\n\n<li>Tyrannei der erinnernden Selbst (die Verwechslung der Erinnerung mit der tats\u00e4chlichen Erfahrung)<\/li>\n\n\n\n<li>&#8230;<\/li>\n<\/ul>\n\n\n\n<p class=\"wp-block-paragraph\">Diese psychologischen Ph\u00e4nomene beschreibt Kahnemann mit vielen Beispielen und empirischen Untersuchungen und zeigt uns ihre Rolle in dem Modell der zwei kognitiven Systeme.<\/p>\n\n\n\n<p class=\"wp-block-paragraph\">Die Lekt\u00fcre ist aufgrund der vielen Beispiele und auch der autobiographischen Anmerkungen anschaulich, spannend und am\u00fcsant. Auch Kahnemann nimmt sich nicht aus und beschreibt wie er selbst immer wieder diesen Effekten erliegt. Die biographischen Aspekte sind keine Selbst\u00fcberhebung sondern veranschaulichen die Entwicklung der Kognitionspsychologie.<\/p>\n\n\n\n<p class=\"wp-block-paragraph\">Wer dieses Buch gelesen hat, wird viele Entscheidungen und Verhaltensmuster mit denen wir konfrontiert werden in einem anderen Licht sehen und wer schon tiefer in der Materie steckt, wird Best\u00e4tigung finden und kann sich dennoch an den zahlreichen Beispielen am\u00fcsieren.<\/p>\n\n\n\n<p class=\"wp-block-paragraph\">Absolut eine Leseempfehlung! Mehr noch als viele Fach- und Methodenb\u00fccher, weil es unser Denken nachhaltig beeinflusst.<\/p>\n\n\n\n<p class=\"wp-block-paragraph\">Daniel Kahnemann <a href=\"https:\/\/amzn.to\/38viROc\" target=\"_blank\" rel=\"noopener noreferrer\">Schnelles Denken, langsames Denken <em>(Amazon)<\/em><\/a> Siedler Verlag M\u00fcnchen 2012<\/p>\n\n\n\n<p class=\"wp-block-paragraph\">P.S.: Kahnemann liefert genau das, was ich an Julian Nida-R\u00fcmelins &#8222;<a title=\"schlossBlog: Rationalit\u00e4tsfalle\" href=\"http:\/\/www.bernhardschloss.de\/blog\/?p=2160\" target=\"_blank\" rel=\"noopener noreferrer\">Rationalit\u00e4tsfalle<\/a>&#8220; bem\u00e4ngelt habe: Die kognitionspsychologische Kritik am Homo Oeconomicus ist l\u00e4ngst in den Wirtschaftswissenschaften angekommen.<\/p>\n\n\n\n<p class=\"wp-block-paragraph\">P.S.2 (29.03.2024): Die Kollegen Karen Schmidt und Frank Habermann von <a href=\"https:\/\/overthefence.com.de\/\" target=\"_blank\" rel=\"noreferrer noopener\">Over the Fence<\/a> versuchen seit einiger Zeit schnelles und langsames Denken auch im Projekt- und VUCA-Kontext zu thematisieren (z.B. im <a href=\"https:\/\/www.projektmagazin.de\/artikel\/langsames-denken-projekten-ein-manifest_1116932\" target=\"_blank\" rel=\"noreferrer noopener\">Projektmagazin<\/a>, mit ihrem <a href=\"https:\/\/overthefence.com.de\/manifesto\/\" target=\"_blank\" rel=\"noreferrer noopener\">Manifest<\/a> oder in ihrem Buch <a href=\"https:\/\/www.amazon.de\/Hey-nicht-schnell-Entscheidungen-Arbeitsbuch-ebook\/dp\/B08NFC8BB5\" target=\"_blank\" rel=\"noreferrer noopener\">Hey, nicht so schnell<\/a> (Amazon).<\/p>\n<div class=\"twoclick_social_bookmarks_post_5338 social_share_privacy clearfix 1.6.4 locale-de_DE sprite-de_DE\"><\/div><div class=\"twoclick-js\"><script type=\"text\/javascript\">\/* <![CDATA[ *\/\njQuery(document).ready(function($){if($('.twoclick_social_bookmarks_post_5338')){$('.twoclick_social_bookmarks_post_5338').socialSharePrivacy({\"services\":{\"facebook\":{\"status\":\"on\",\"txt_info\":\"\",\"perma_option\":\"off\",\"action\":\"recommend\",\"language\":\"de_DE\"},\"twitter\":{\"reply_to\":\"schlossblog\",\"tweet_text\":\"Zum%20Tod%20von%20Daniel%20Kahnemann%20%C2%BB%20schlossBlog\",\"status\":\"on\",\"txt_info\":\"\",\"perma_option\":\"off\",\"language\":\"de\",\"referrer_track\":\"\"},\"xing\":{\"status\":\"on\",\"txt_info\":\"\",\"perma_option\":\"off\",\"language\":\"de\",\"referrer_track\":\"\"},\"t3n\":{\"status\":\"on\",\"txt_info\":\"2 Klicks f\\u00fcr mehr Datenschutz: Erst wenn Sie hier klicken, wird der Button aktiv und Sie k\\u00f6nnen Ihre Empfehlung an t3n senden. Schon beim Aktivieren werden Daten an Dritte \\u00fcbertragen - siehe <em>i<\\\/em>.\",\"perma_option\":\"off\"},\"linkedin\":{\"status\":\"on\",\"txt_info\":\"2 Klicks f\\u00fcr mehr Datenschutz: Erst wenn Sie hier klicken, wird der Button aktiv und Sie k\\u00f6nnen Ihre Empfehlung an LinkedIn senden. Schon beim Aktivieren werden Daten an Dritte \\u00fcbertragen - siehe <em>i<\\\/em>.\",\"perma_option\":\"off\"}},\"txt_help\":\"\",\"settings_perma\":\"\",\"info_link\":\"\",\"uri\":\"https:\\\/\\\/www.bernhardschloss.de\\\/blog\\\/zum-tod-von-daniel-kahnemann\\\/\",\"post_id\":5338,\"post_title_referrer_track\":\"Zum+Tod+von+Daniel+Kahnemann\",\"display_infobox\":\"on\"});}});\n\/* ]]> *\/<\/script><\/div>","protected":false},"excerpt":{"rendered":"<p>Mit 90 Jahren ist am 27. M\u00e4rz Daniel Kahnemann gestorben. Andrian Kreye schreibt \u00fcber ihn in der S\u00fcddeutschen Zeitung: Wirtschaftsnobelpreistr\u00e4ger Daniel Kahneman hat den Mythos vom vern\u00fcnf\u00adtigen \u201eHomo oeconomicus\u201c entzaubert und mit seinen B\u00fcchern ein Millionenpublikum begeistert.&nbsp;[&#8230;] [&#8230;], der Mann, der den Menschen gezeigt hat, wie sie denken und wie sie handeln. Der das Forschungsfeld [&hellip;]<\/p>\n","protected":false},"author":4,"featured_media":0,"comment_status":"open","ping_status":"open","sticky":false,"template":"","format":"standard","meta":{"_crdt_document":"","footnotes":""},"categories":[1,4],"tags":[358,405,406,404],"class_list":["post-5338","post","type-post","status-publish","format-standard","hentry","category-allgemein","category-coaching","tag-buch","tag-gelesen","tag-kahnemann","tag-kognitionspsychologie"],"_links":{"self":[{"href":"https:\/\/www.bernhardschloss.de\/blog\/wp-json\/wp\/v2\/posts\/5338","targetHints":{"allow":["GET"]}}],"collection":[{"href":"https:\/\/www.bernhardschloss.de\/blog\/wp-json\/wp\/v2\/posts"}],"about":[{"href":"https:\/\/www.bernhardschloss.de\/blog\/wp-json\/wp\/v2\/types\/post"}],"author":[{"embeddable":true,"href":"https:\/\/www.bernhardschloss.de\/blog\/wp-json\/wp\/v2\/users\/4"}],"replies":[{"embeddable":true,"href":"https:\/\/www.bernhardschloss.de\/blog\/wp-json\/wp\/v2\/comments?post=5338"}],"version-history":[{"count":7,"href":"https:\/\/www.bernhardschloss.de\/blog\/wp-json\/wp\/v2\/posts\/5338\/revisions"}],"predecessor-version":[{"id":5486,"href":"https:\/\/www.bernhardschloss.de\/blog\/wp-json\/wp\/v2\/posts\/5338\/revisions\/5486"}],"wp:attachment":[{"href":"https:\/\/www.bernhardschloss.de\/blog\/wp-json\/wp\/v2\/media?parent=5338"}],"wp:term":[{"taxonomy":"category","embeddable":true,"href":"https:\/\/www.bernhardschloss.de\/blog\/wp-json\/wp\/v2\/categories?post=5338"},{"taxonomy":"post_tag","embeddable":true,"href":"https:\/\/www.bernhardschloss.de\/blog\/wp-json\/wp\/v2\/tags?post=5338"}],"curies":[{"name":"wp","href":"https:\/\/api.w.org\/{rel}","templated":true}]}}