{"id":5173,"date":"2023-08-29T19:07:38","date_gmt":"2023-08-29T17:07:38","guid":{"rendered":"https:\/\/www.bernhardschloss.de\/blog\/?p=5173"},"modified":"2023-08-29T19:07:38","modified_gmt":"2023-08-29T17:07:38","slug":"work-panorama","status":"publish","type":"post","link":"https:\/\/www.bernhardschloss.de\/blog\/work-panorama\/","title":{"rendered":"Work Panorama"},"content":{"rendered":"\n<figure class=\"wp-block-image size-large\"><img decoding=\"async\" src=\"https:\/\/lh3.googleusercontent.com\/pw\/AIL4fc-SuParpYcj7oJTO0k6dUuOFb0ifB84CvTX9LsR3URwFSJlHSaItJyxxNyYEYKSFGklOW63HBd7SWY2n_6lx5WDs-VA2rWnXfSCEg0NI6s5ueBd53vXuDVhMvu7iu9VDN9r6-nYnwuIJn77-A8eoDrZJ5cYedcKI1DtuHVdpFhC2KW7hXOwJHoaw_NN69JgLrfkRktb1Oo_99tAyB_bWF7iSxXBOcfOlFAHDGz6VYo2NX0aW8Pvaj3o6rLiwLIQTygdBiCDk77iYavVLY8WWbmWO6E7lPCdmckseB8dhKKh8Zms6zb0khN5fuS-sCY6cJckn6wjkxLOfR-ihIYG_rdWPjWUJ5Qd4beyknLS9sf4jt9dG07TyrAVBr7tuXgIDmn6GH0ez5XAR69uxBAMaZRU26ItF7RzZUcYxPRgeU-5igFh9mHm2XLiAd9ooxPbAd3qDp6rcDBepjRzAuOxbCB_RhLymprFsN4lkJYokCuUc7G0StzhGHLy0IV5puWUFrzogMN25B6bEG9zB35ybHQNosa2gvfFTnpJkKpwBkbwFXU3uwlcxFJ9BPJiW0IILS6QTmYyjwylwHRhKJqxZapw0VTcSYqWqHvN_0hDjxtvDMqt_V6F_Pv3d38kzVpIkQxholJJq1MVNhWP4icfaXaj_BvhCV65ycHYLx9LkYaGu1uOMQeaKRfmxdRbAwZI53blKlUjXSX8XaW8aDx05IkSYMHDlveG7m2Pwfixez2UzlHc9eAG8iOVsPutlkR4PlZlyC3eAXHVwbCYDz6jBhRM20yWlAj7fqXoOFLl9Yh6NDzeG6TmD8N5o1f_F231hw3FP0TyIi3rkazjzXoYmtL6OwHv5MdDG8aBjT-4-2qv64VfEDywycbQS_ywlxNeTHsD385wnsKxQLFGuoTUYQ=w1203-h585-s-no?authuser=0\" alt=\"\"\/><\/figure>\n\n\n\n<p class=\"wp-block-paragraph\"><em>Raphael Gielgen ist Trendscout beim Schweizer M\u00f6belhersteller Vitra und sein Format f\u00fcr die Trendanalyse ist das <a rel=\"noreferrer noopener\" href=\"https:\/\/www.builtworld.com\/magazine\/article\/work-panorama-2023-raphael-gielgen\" target=\"_blank\">Work Panorama<\/a>. Beim Versuch mich mit dieser Methodik auseinander zu setzen habe ich ein Interview gef\u00fchrt, allerdings nicht mit Raphael, sondern mit Bard dem ChatGPT Pendant von Google.<\/em><\/p>\n\n\n\n<p class=\"wp-block-paragraph\"><strong>Frage<\/strong>: Wie erstellt Raphael Gielgen ein Work Panorama?<\/p>\n\n\n\n<p class=\"wp-block-paragraph\"><strong>Antwort<\/strong>: Raphael Gielgen, Trendscout Future of Work Life &amp; Learn bei Vitra, erstellt das Work Panorama auf Basis einer umfassenden Recherche. Er analysiert globale Entwicklungen und Technologien, um deren Auswirkungen, Herausforderungen und Chancen f\u00fcr die Arbeitswelt zu identifizieren. Dazu geh\u00f6ren unter anderem:<\/p>\n\n\n\n<ul class=\"wp-block-list\">\n<li>Trendforschung:&nbsp;Gielgen analysiert aktuelle Trends aus Wirtschaft, Politik, Gesellschaft und Technologie. Er bezieht sich dabei auf eine Vielzahl von Quellen, darunter Fachliteratur, Studien, Statistiken, Unternehmensberichte und Social-Media-Posts.<\/li>\n\n\n\n<li>Expertengespr\u00e4che:&nbsp;Gielgen f\u00fchrt Interviews mit Experten aus der Arbeitswelt, darunter CEOs, HR-Manager, Designer und Wissenschaftler.<\/li>\n\n\n\n<li>Besuche von B\u00fcros:&nbsp;Gielgen besucht B\u00fcros von Unternehmen aus aller Welt, um sich ein Bild von den aktuellen Arbeitsbedingungen zu machen.<\/li>\n<\/ul>\n\n\n\n<p class=\"wp-block-paragraph\">Auf Grundlage dieser Recherche erstellt Gielgen eine \u00dcbersicht der wichtigsten Trends und Entwicklungen f\u00fcr die Arbeitswelt. Diese \u00dcbersicht wird dann in das Work Panorama integriert. Das Work Panorama wird j\u00e4hrlich aktualisiert, um die neuesten Entwicklungen zu ber\u00fccksichtigen.<\/p>\n\n\n\n<p class=\"wp-block-paragraph\">Hier sind einige der wichtigsten Schritte, die Raphael Gielgen bei der Erstellung des Work Panoramas unternimmt:<\/p>\n\n\n\n<ol class=\"wp-block-list\" type=\"1\">\n<li>Erstellung eines Forschungsplans:&nbsp;Gielgen definiert die Themen und Fragestellungen, die er in seiner Recherche untersuchen m\u00f6chte.<\/li>\n\n\n\n<li>Recherche:&nbsp;Gielgen sammelt Daten und Informationen aus verschiedenen Quellen.<\/li>\n\n\n\n<li>Analyse:&nbsp;Gielgen analysiert die gesammelten Daten und Informationen, um Trends und Entwicklungen zu identifizieren.<\/li>\n\n\n\n<li>Interpretation:&nbsp;Gielgen interpretiert die Ergebnisse seiner Analyse und stellt sie in einen Kontext.<\/li>\n\n\n\n<li>Visualisierung:&nbsp;Gielgen visualisiert die Ergebnisse seiner Analyse in Form von Grafiken, Diagrammen und Karten.<\/li>\n\n\n\n<li>Publikation:&nbsp;Gielgen ver\u00f6ffentlicht das Work Panorama in Form eines Berichts oder einer Pr\u00e4sentation.<\/li>\n<\/ol>\n\n\n\n<p class=\"wp-block-paragraph\">Das Work Panorama ist ein wertvolles Tool f\u00fcr Unternehmen, die sich f\u00fcr die Zukunft der Arbeit interessieren. Es bietet einen \u00dcberblick \u00fcber die wichtigsten Trends und Entwicklungen, die die Arbeitswelt in den kommenden Jahren pr\u00e4gen werden.<\/p>\n\n\n\n<p class=\"wp-block-paragraph\"><strong>Frage<\/strong>: Wie sieht die Struktur eines solches Panoramas aus?<\/p>\n\n\n\n<p class=\"wp-block-paragraph\"><strong>Antwort<\/strong>: Die Struktur eines Work Panoramas ist in der Regel in drei Ebenen unterteilt:<\/p>\n\n\n\n<ul class=\"wp-block-list\">\n<li>\u00dcberblick:&nbsp;In dieser Ebene wird ein \u00dcberblick \u00fcber die wichtigsten Trends und Entwicklungen f\u00fcr die Arbeitswelt gegeben. Dabei werden die Trends und Entwicklungen in einen Kontext gestellt und ihre Auswirkungen, Herausforderungen und Chancen diskutiert.<\/li>\n\n\n\n<li>Vertiefung:&nbsp;In dieser Ebene werden ausgew\u00e4hlte Trends und Entwicklungen in einem tieferen Detailgrad untersucht. Dabei werden verschiedene Perspektiven einbezogen, um ein umfassendes Verst\u00e4ndnis der jeweiligen Entwicklung zu erm\u00f6glichen.<\/li>\n\n\n\n<li>Praktische Umsetzung:&nbsp;In dieser Ebene werden konkrete Handlungsempfehlungen f\u00fcr Unternehmen und Organisationen gegeben, wie sie die jeweiligen Trends und Entwicklungen f\u00fcr sich nutzen k\u00f6nnen.<\/li>\n<\/ul>\n\n\n\n<p class=\"wp-block-paragraph\">Die Struktur eines Work Panoramas kann je nach Fokus und Zielgruppe variieren. So kann beispielsweise ein Work Panorama f\u00fcr Unternehmen einen st\u00e4rkeren Fokus auf die Auswirkungen von Trends und Entwicklungen auf die Unternehmensorganisation haben, w\u00e4hrend ein Work Panorama f\u00fcr Arbeitnehmer einen st\u00e4rkeren Fokus auf die Auswirkungen von Trends und Entwicklungen auf die Arbeitserfahrung haben kann.<\/p>\n\n\n\n<p class=\"wp-block-paragraph\">Hier ist ein Beispiel f\u00fcr die Struktur eines Work Panoramas:<\/p>\n\n\n\n<p class=\"wp-block-paragraph\">\u00dcberblick:<\/p>\n\n\n\n<ul class=\"wp-block-list\">\n<li>Die globale Arbeitswelt im Wandel<\/li>\n\n\n\n<li>Die Auswirkungen von Megatrends auf die Arbeitswelt<\/li>\n\n\n\n<li>Chancen und Herausforderungen f\u00fcr Unternehmen<\/li>\n<\/ul>\n\n\n\n<p class=\"wp-block-paragraph\">Vertiefung:<\/p>\n\n\n\n<ul class=\"wp-block-list\">\n<li>Die digitale Transformation der Arbeitswelt<\/li>\n\n\n\n<li>Die Bedeutung von Arbeit und Lernen<\/li>\n\n\n\n<li>Die Zukunft der Arbeit<\/li>\n<\/ul>\n\n\n\n<p class=\"wp-block-paragraph\">Praktische Umsetzung:<\/p>\n\n\n\n<ul class=\"wp-block-list\">\n<li>Wie Unternehmen die digitale Transformation gestalten k\u00f6nnen<\/li>\n\n\n\n<li>Wie Unternehmen Arbeit und Lernen miteinander verbinden k\u00f6nnen<\/li>\n\n\n\n<li>Wie Unternehmen die Zukunft der Arbeit gestalten k\u00f6nnen<\/li>\n<\/ul>\n\n\n\n<p class=\"wp-block-paragraph\">Das Work Panorama ist ein wertvolles Tool f\u00fcr Unternehmen, Organisationen und Einzelpersonen, die sich f\u00fcr die Zukunft der Arbeit interessieren. Es bietet einen \u00dcberblick \u00fcber die wichtigsten Trends und Entwicklungen, die die Arbeitswelt in den kommenden Jahren pr\u00e4gen werden.<\/p>\n\n\n\n<p class=\"wp-block-paragraph\"><strong>Frage<\/strong>: Welche Rolle spielen dabei What-if-questions?<\/p>\n\n\n\n<p class=\"wp-block-paragraph\"><strong>Antwort<\/strong>: What-if-Fragen spielen eine wichtige Rolle bei der Erstellung eines Work Panoramas. Sie helfen dabei, neue Perspektiven zu er\u00f6ffnen und alternative Zukunftsszenarien zu entwickeln.<\/p>\n\n\n\n<p class=\"wp-block-paragraph\">What-if-Fragen sind Fragen, die mit &#8222;was w\u00e4re, wenn&#8220; beginnen. Sie k\u00f6nnen sich auf eine bestimmte Situation, einen Trend oder eine Entwicklung beziehen. Beispiele f\u00fcr What-if-Fragen sind:<\/p>\n\n\n\n<ul class=\"wp-block-list\">\n<li>Was w\u00e4re, wenn k\u00fcnstliche Intelligenz die meisten Arbeitspl\u00e4tze \u00fcbernehmen w\u00fcrde?<\/li>\n\n\n\n<li>Was w\u00e4re, wenn die Arbeitskr\u00e4ftestrukturen sich so ver\u00e4ndern w\u00fcrden, dass die meisten Menschen freiberuflich arbeiten w\u00fcrden?<\/li>\n\n\n\n<li>Was w\u00e4re, wenn die Bedeutung von Arbeit im Leben der Menschen abnehmen w\u00fcrde?<\/li>\n<\/ul>\n\n\n\n<p class=\"wp-block-paragraph\">What-if-Fragen helfen dabei, die Grenzen des Denkbaren zu erweitern und neue M\u00f6glichkeiten zu entdecken. Sie k\u00f6nnen dabei helfen, neue Trends und Entwicklungen zu identifizieren, die sonst \u00fcbersehen werden k\u00f6nnten.<\/p>\n\n\n\n<p class=\"wp-block-paragraph\">Bei der Erstellung eines Work Panoramas k\u00f6nnen What-if-Fragen auf verschiedene Weise eingesetzt werden:<\/p>\n\n\n\n<ul class=\"wp-block-list\">\n<li>Zur Ideenfindung:&nbsp;What-if-Fragen k\u00f6nnen dabei helfen, neue Ideen f\u00fcr die Zukunft der Arbeit zu entwickeln.<\/li>\n\n\n\n<li>Zur Bewertung von Trends und Entwicklungen:&nbsp;What-if-Fragen k\u00f6nnen dabei helfen, die Auswirkungen von Trends und Entwicklungen auf die Arbeitswelt zu bewerten.<\/li>\n\n\n\n<li>Zur Entwicklung von Handlungsempfehlungen:&nbsp;What-if-Fragen k\u00f6nnen dabei helfen, Handlungsempfehlungen f\u00fcr Unternehmen und Organisationen zu entwickeln, um sich auf die Zukunft der Arbeit vorzubereiten.<\/li>\n<\/ul>\n\n\n\n<p class=\"wp-block-paragraph\">What-if-Fragen sind ein wertvolles Werkzeug f\u00fcr die Erstellung eines Work Panoramas. Sie k\u00f6nnen dabei helfen, eine umfassende und differenzierte Sicht auf die Zukunft der Arbeit zu entwickeln.<\/p>\n\n\n\n<p class=\"wp-block-paragraph\"><strong>Frage<\/strong>: Sind die What if Fragen Teil des Forschungsplans?<\/p>\n\n\n\n<p class=\"wp-block-paragraph\"><strong>Antwort<\/strong>: Ja, What-if-Fragen k\u00f6nnen Teil des Forschungsplans f\u00fcr ein Work Panorama sein. Sie k\u00f6nnen dabei helfen, die Themen und Fragestellungen zu definieren, die in der Recherche untersucht werden sollen.<\/p>\n\n\n\n<p class=\"wp-block-paragraph\">Bei der Erstellung eines Forschungsplans ist es wichtig, sich zun\u00e4chst \u00fcber die Ziele und Zielgruppe des Work Panoramas Gedanken zu machen. Welche Fragen sollen beantwortet werden? F\u00fcr wen ist das Work Panorama gedacht?<\/p>\n\n\n\n<p class=\"wp-block-paragraph\">Anschlie\u00dfend k\u00f6nnen What-if-Fragen helfen, die Themen und Fragestellungen zu konkretisieren. Was sind die wichtigsten Trends und Entwicklungen, die die Arbeitswelt in den kommenden Jahren pr\u00e4gen werden? Welche Auswirkungen haben diese Trends und Entwicklungen auf die Arbeitswelt?<\/p>\n\n\n\n<p class=\"wp-block-paragraph\">What-if-Fragen k\u00f6nnen auch dabei helfen, die Grenzen des Denkbaren zu erweitern und neue Perspektiven zu er\u00f6ffnen. Sie k\u00f6nnen dazu beitragen, dass der Forschungsplan umfassend und differenziert ist.<\/p>\n\n\n\n<p class=\"wp-block-paragraph\">Hier sind einige Beispiele f\u00fcr How-if-Fragen, die in einem Forschungsplan f\u00fcr ein Work Panorama enthalten sein k\u00f6nnten:<\/p>\n\n\n\n<ul class=\"wp-block-list\">\n<li>Welche Auswirkungen h\u00e4tte es, wenn k\u00fcnstliche Intelligenz die meisten Arbeitspl\u00e4tze \u00fcbernehmen w\u00fcrde?<\/li>\n\n\n\n<li>Wie w\u00fcrde die Arbeitswelt aussehen, wenn die Arbeitskr\u00e4ftestrukturen sich so ver\u00e4ndern w\u00fcrden, dass die meisten Menschen freiberuflich arbeiten w\u00fcrden?<\/li>\n\n\n\n<li>Welche Rolle w\u00fcrde Arbeit im Leben der Menschen spielen, wenn die Bedeutung von Arbeit abnehmen w\u00fcrde?<\/li>\n<\/ul>\n\n\n\n<p class=\"wp-block-paragraph\">Diese Fragen k\u00f6nnen dazu beitragen, dass die Recherche f\u00fcr ein Work Panorama zielgerichtet und effizient ist. Sie k\u00f6nnen dabei helfen, neue Erkenntnisse zu gewinnen und die Zukunft der Arbeit besser zu verstehen.<\/p>\n<div class=\"twoclick_social_bookmarks_post_5173 social_share_privacy clearfix 1.6.4 locale-de_DE sprite-de_DE\"><\/div><div class=\"twoclick-js\"><script type=\"text\/javascript\">\/* <![CDATA[ *\/\njQuery(document).ready(function($){if($('.twoclick_social_bookmarks_post_5173')){$('.twoclick_social_bookmarks_post_5173').socialSharePrivacy({\"services\":{\"facebook\":{\"status\":\"on\",\"txt_info\":\"\",\"perma_option\":\"off\",\"action\":\"recommend\",\"language\":\"de_DE\"},\"twitter\":{\"reply_to\":\"schlossblog\",\"tweet_text\":\"Work%20Panorama%20%C2%BB%20schlossBlog\",\"status\":\"on\",\"txt_info\":\"\",\"perma_option\":\"off\",\"language\":\"de\",\"referrer_track\":\"\"},\"xing\":{\"status\":\"on\",\"txt_info\":\"\",\"perma_option\":\"off\",\"language\":\"de\",\"referrer_track\":\"\"},\"t3n\":{\"status\":\"on\",\"txt_info\":\"2 Klicks f\\u00fcr mehr Datenschutz: Erst wenn Sie hier klicken, wird der Button aktiv und Sie k\\u00f6nnen Ihre Empfehlung an t3n senden. Schon beim Aktivieren werden Daten an Dritte \\u00fcbertragen - siehe <em>i<\\\/em>.\",\"perma_option\":\"off\"},\"linkedin\":{\"status\":\"on\",\"txt_info\":\"2 Klicks f\\u00fcr mehr Datenschutz: Erst wenn Sie hier klicken, wird der Button aktiv und Sie k\\u00f6nnen Ihre Empfehlung an LinkedIn senden. Schon beim Aktivieren werden Daten an Dritte \\u00fcbertragen - siehe <em>i<\\\/em>.\",\"perma_option\":\"off\"}},\"txt_help\":\"\",\"settings_perma\":\"\",\"info_link\":\"\",\"uri\":\"https:\\\/\\\/www.bernhardschloss.de\\\/blog\\\/work-panorama\\\/\",\"post_id\":5173,\"post_title_referrer_track\":\"Work+Panorama\",\"display_infobox\":\"on\"});}});\n\/* ]]> *\/<\/script><\/div>","protected":false},"excerpt":{"rendered":"<p>Raphael Gielgen ist Trendscout beim Schweizer M\u00f6belhersteller Vitra und sein Format f\u00fcr die Trendanalyse ist das Work Panorama. Beim Versuch mich mit dieser Methodik auseinander zu setzen habe ich ein Interview gef\u00fchrt, allerdings nicht mit Raphael, sondern mit Bard dem ChatGPT Pendant von Google. Frage: Wie erstellt Raphael Gielgen ein Work Panorama? Antwort: Raphael Gielgen, [&hellip;]<\/p>\n","protected":false},"author":4,"featured_media":0,"comment_status":"open","ping_status":"open","sticky":false,"template":"","format":"standard","meta":{"_crdt_document":"","footnotes":""},"categories":[664,5,872],"tags":[945,947,946,944,536],"class_list":["post-5173","post","type-post","status-publish","format-standard","hentry","category-business-visualisieug","category-consulting","category-innovation","tag-gielgen","tag-trend","tag-vitra","tag-work-panorama","tag-zukunft"],"_links":{"self":[{"href":"https:\/\/www.bernhardschloss.de\/blog\/wp-json\/wp\/v2\/posts\/5173","targetHints":{"allow":["GET"]}}],"collection":[{"href":"https:\/\/www.bernhardschloss.de\/blog\/wp-json\/wp\/v2\/posts"}],"about":[{"href":"https:\/\/www.bernhardschloss.de\/blog\/wp-json\/wp\/v2\/types\/post"}],"author":[{"embeddable":true,"href":"https:\/\/www.bernhardschloss.de\/blog\/wp-json\/wp\/v2\/users\/4"}],"replies":[{"embeddable":true,"href":"https:\/\/www.bernhardschloss.de\/blog\/wp-json\/wp\/v2\/comments?post=5173"}],"version-history":[{"count":1,"href":"https:\/\/www.bernhardschloss.de\/blog\/wp-json\/wp\/v2\/posts\/5173\/revisions"}],"predecessor-version":[{"id":5174,"href":"https:\/\/www.bernhardschloss.de\/blog\/wp-json\/wp\/v2\/posts\/5173\/revisions\/5174"}],"wp:attachment":[{"href":"https:\/\/www.bernhardschloss.de\/blog\/wp-json\/wp\/v2\/media?parent=5173"}],"wp:term":[{"taxonomy":"category","embeddable":true,"href":"https:\/\/www.bernhardschloss.de\/blog\/wp-json\/wp\/v2\/categories?post=5173"},{"taxonomy":"post_tag","embeddable":true,"href":"https:\/\/www.bernhardschloss.de\/blog\/wp-json\/wp\/v2\/tags?post=5173"}],"curies":[{"name":"wp","href":"https:\/\/api.w.org\/{rel}","templated":true}]}}