{"id":512,"date":"2009-05-31T20:39:33","date_gmt":"2009-05-31T18:39:33","guid":{"rendered":"http:\/\/www.bernhardschloss.de\/blog\/?p=512"},"modified":"2009-05-31T20:39:33","modified_gmt":"2009-05-31T18:39:33","slug":"184-pmo-verlangerter-arm","status":"publish","type":"post","link":"https:\/\/www.bernhardschloss.de\/blog\/184-pmo-verlangerter-arm\/","title":{"rendered":"#184 PMO: &#8222;Verl\u00e4ngerter Arm&#8220;"},"content":{"rendered":"<p>Was hier als &#8222;verl\u00e4ngerter Arm&#8220; (der Projektleitung) bezeichnet wird bewegt sich auf der F\u00fchrungsebene eines einzelnen Projekts (aber nicht auf Ebene des <a title=\"schlossblog: PMO4\" href=\"http:\/\/www.bernhardschloss.de\/blog\/?p=511\" target=\"_blank\">Projektportfolios<\/a>). Der &#8222;verl\u00e4ngerte Arm&#8220; kann zwar auch administrative Aufgaben \u00fcbernehmen, wie das &#8222;<a title=\"schlossblog: PMO3\" href=\"http:\/\/www.bernhardschloss.de\/blog\/?p=510\" target=\"_blank\">Backoffice<\/a>&#8222;,\u00a0hat\u00a0aber\u00a0F\u00fchrungs- und Mitwirkungsaufgaben im Projekt.<\/p>\n<p><strong>Auftrag:<\/strong><\/p>\n<p>Der &#8222;verl\u00e4ngerte Arm&#8220; des Projektleiters setzt das Projektmanagement um und entlastet den Projektleiter in dem er selbst\u00e4bstig PM-Aufgaben \u00fcbernimmt. Eine Untervariante dieses Typus ist das &#8222;Planungsb\u00fcro&#8220;, das sich auf Planungs- und Reportingaufgaben beschr\u00e4nkt.<\/p>\n<p><strong>Zielgruppe:<\/strong><\/p>\n<p>Zielgruppe des &#8222;verl\u00e4ngerten Arms&#8220; ist die Projektleitung. Projektleiter und PMO arbeiten abgestimmt &#8222;Hand in Hand&#8220;. Ab einer gewissen Gr\u00f6\u00dfe ist eine solche Rolle mitunter auch auf Ebene von Teilprojekten sinnvoll.<\/p>\n<p><strong>Organisation:<\/strong><\/p>\n<p>Stabsstelle der Projektleitung<\/p>\n<p><strong>Ausrichtung:<\/strong><\/p>\n<p>E &#8211; Entwickeln\u00a0\u00a0\u00a0\u00a0\u00a0\u00a0\u00a0\u00a0\u00a0\u00a0**\u00a0\u00a0\u00a0\u00a0\u00a0\u00a0\u00a0\u00a0\u00a0(2)<br \/>\nR &#8211; Regulieren\u00a0\u00a0\u00a0\u00a0\u00a0\u00a0\u00a0\u00a0\u00a0\u00a0**\u00a0\u00a0\u00a0\u00a0\u00a0\u00a0\u00a0\u00a0\u00a0(2)<br \/>\nF &#8211; F\u00fchren\u00a0\u00a0\u00a0\u00a0\u00a0\u00a0\u00a0\u00a0\u00a0\u00a0\u00a0\u00a0\u00a0\u00a0\u00a0*****\u00a0 (5)<br \/>\nA &#8211; Administrieren\u00a0\u00a0 \u00a0*** \u00a0\u00a0\u00a0 (3)<\/p>\n<p>Eine Beschreibung der Dimensionen findet sich in <a title=\"schlossblog: PMO2\" href=\"http:\/\/www.bernhardschloss.de\/blog\/?p=523\" target=\"_blank\">Teil 2<\/a> dieser Artikelserie.<\/p>\n<p>Als letzte PMO Variante folgt das &#8222;Programmmanagement&#8220;.<\/p>\n<div class=\"twoclick_social_bookmarks_post_512 social_share_privacy clearfix 1.6.4 locale-de_DE sprite-de_DE\"><\/div><div class=\"twoclick-js\"><script type=\"text\/javascript\">\/* <![CDATA[ *\/\njQuery(document).ready(function($){if($('.twoclick_social_bookmarks_post_512')){$('.twoclick_social_bookmarks_post_512').socialSharePrivacy({\"services\":{\"facebook\":{\"status\":\"on\",\"txt_info\":\"\",\"perma_option\":\"off\",\"action\":\"recommend\",\"language\":\"de_DE\"},\"twitter\":{\"reply_to\":\"schlossblog\",\"tweet_text\":\"%23184%20PMO%3A%20%E2%80%9EVerl%C3%A4ngerter%20Arm%E2%80%9C%20%C2%BB%20schlossBlog\",\"status\":\"on\",\"txt_info\":\"\",\"perma_option\":\"off\",\"language\":\"de\",\"referrer_track\":\"\"},\"xing\":{\"status\":\"on\",\"txt_info\":\"\",\"perma_option\":\"off\",\"language\":\"de\",\"referrer_track\":\"\"},\"t3n\":{\"status\":\"on\",\"txt_info\":\"2 Klicks f\\u00fcr mehr Datenschutz: Erst wenn Sie hier klicken, wird der Button aktiv und Sie k\\u00f6nnen Ihre Empfehlung an t3n senden. Schon beim Aktivieren werden Daten an Dritte \\u00fcbertragen - siehe <em>i<\\\/em>.\",\"perma_option\":\"off\"},\"linkedin\":{\"status\":\"on\",\"txt_info\":\"2 Klicks f\\u00fcr mehr Datenschutz: Erst wenn Sie hier klicken, wird der Button aktiv und Sie k\\u00f6nnen Ihre Empfehlung an LinkedIn senden. Schon beim Aktivieren werden Daten an Dritte \\u00fcbertragen - siehe <em>i<\\\/em>.\",\"perma_option\":\"off\"}},\"txt_help\":\"\",\"settings_perma\":\"\",\"info_link\":\"\",\"uri\":\"https:\\\/\\\/www.bernhardschloss.de\\\/blog\\\/184-pmo-verlangerter-arm\\\/\",\"post_id\":512,\"post_title_referrer_track\":\"%23184+PMO%3A+%26%238222%3BVerl%C3%A4ngerter+Arm%26%238220%3B\",\"display_infobox\":\"on\"});}});\n\/* ]]> *\/<\/script><\/div>","protected":false},"excerpt":{"rendered":"<p>Was hier als &#8222;verl\u00e4ngerter Arm&#8220; (der Projektleitung) bezeichnet wird bewegt sich auf der F\u00fchrungsebene eines einzelnen Projekts (aber nicht auf Ebene des Projektportfolios). Der &#8222;verl\u00e4ngerte Arm&#8220; kann zwar auch administrative Aufgaben \u00fcbernehmen, wie das &#8222;Backoffice&#8222;,\u00a0hat\u00a0aber\u00a0F\u00fchrungs- und Mitwirkungsaufgaben im Projekt. Auftrag: Der &#8222;verl\u00e4ngerte Arm&#8220; des Projektleiters setzt das Projektmanagement um und entlastet den Projektleiter in dem [&hellip;]<\/p>\n","protected":false},"author":4,"featured_media":0,"comment_status":"open","ping_status":"open","sticky":false,"template":"","format":"standard","meta":{"_crdt_document":"","footnotes":""},"categories":[8],"tags":[14],"class_list":["post-512","post","type-post","status-publish","format-standard","hentry","category-projektmanagement","tag-pmo"],"_links":{"self":[{"href":"https:\/\/www.bernhardschloss.de\/blog\/wp-json\/wp\/v2\/posts\/512","targetHints":{"allow":["GET"]}}],"collection":[{"href":"https:\/\/www.bernhardschloss.de\/blog\/wp-json\/wp\/v2\/posts"}],"about":[{"href":"https:\/\/www.bernhardschloss.de\/blog\/wp-json\/wp\/v2\/types\/post"}],"author":[{"embeddable":true,"href":"https:\/\/www.bernhardschloss.de\/blog\/wp-json\/wp\/v2\/users\/4"}],"replies":[{"embeddable":true,"href":"https:\/\/www.bernhardschloss.de\/blog\/wp-json\/wp\/v2\/comments?post=512"}],"version-history":[{"count":12,"href":"https:\/\/www.bernhardschloss.de\/blog\/wp-json\/wp\/v2\/posts\/512\/revisions"}],"predecessor-version":[{"id":579,"href":"https:\/\/www.bernhardschloss.de\/blog\/wp-json\/wp\/v2\/posts\/512\/revisions\/579"}],"wp:attachment":[{"href":"https:\/\/www.bernhardschloss.de\/blog\/wp-json\/wp\/v2\/media?parent=512"}],"wp:term":[{"taxonomy":"category","embeddable":true,"href":"https:\/\/www.bernhardschloss.de\/blog\/wp-json\/wp\/v2\/categories?post=512"},{"taxonomy":"post_tag","embeddable":true,"href":"https:\/\/www.bernhardschloss.de\/blog\/wp-json\/wp\/v2\/tags?post=512"}],"curies":[{"name":"wp","href":"https:\/\/api.w.org\/{rel}","templated":true}]}}