{"id":5111,"date":"2023-05-01T12:38:53","date_gmt":"2023-05-01T10:38:53","guid":{"rendered":"https:\/\/www.bernhardschloss.de\/blog\/?p=5111"},"modified":"2023-05-01T14:23:46","modified_gmt":"2023-05-01T12:23:46","slug":"kudos-fuer-stuttgart","status":"publish","type":"post","link":"https:\/\/www.bernhardschloss.de\/blog\/kudos-fuer-stuttgart\/","title":{"rendered":"Kudos f\u00fcr Stuttgart"},"content":{"rendered":"\n<figure class=\"wp-block-image size-large\"><img decoding=\"async\" src=\"https:\/\/lh3.googleusercontent.com\/ySKf1suFpUKRptpFQ_LTtadmy2i_aA7QCWdkjlM6ONYLAXo7JdEVFxfs_3cHRrQq7aYwWXNgHvJJnvAUMC3-j5saXevc0ytxUlIKV4GTTxUDASeiOmFCrsMImwCD2ZOOCwWGT3bPCnXctl4LCdlnf_y-Kghs_8yCGVwIF5BDRgLzauKgARm2NzABCF5n3LAKpjekNBzOOjL_DY8-qhN6OMCNzxjjW7wXR8RIVa8Wz_g0IivheQJpeBy9ZahPlogGYQascsKIsya5mThDmxEjcaPyFEyyaj7eDeUrcYl3CIkaR_UIjY1M2oLMJoBrFXaZyNsBRDj4-AiJ-c1oLcKnUAMV-CZaspchNCgA3oArmJlOgyBGBCMnsuy0iPvov-NB-wjpBSapLiy9bXqLNl84LO_n7vBM2Mwa7uaKgXQgv6T7_YR5vhOBaZ9Xa8rnjfnff815_Do6etBYb2iwt9elugFNu6QuJre-ZTogNIpByL9rE-8ME-MGYf9CRTEl77CnRqSOJHTqOodaKrnX_BEtzMSSUZRXflzQtD-8y5_mbSxWWrPEG5nmH_sjwIO91WYl6Lad0QnrkGucqwb7DHNBDf_3IuuuRD9Zhxg-Mq5spycJypVlumbu9i1ZJhZjm2hHJwZYPSShnVoLCuqthYijuIZJcSoP_wWnGnQrNxguVE1zc9sdvPFlkaAVozI7mQuDb70vXQBDVGTNMaG1rK1nsh85mkR7Bm26tGKQQAR5DaylWIAxjGt8KofSPwdQv9a3b10rp4IG9Omymi5JhPuGTybY-dtA9ODyMxCc8lOga4DghLSTOQNRjpHfLAKjGpm-XIEt7CiGeoiYvegW0-glzZLWZ1mzffdLjV5ZOzf_6uPuu0qigVVoiBdxNFyDcW_D1Jm00s0_YO51H2vnwgKPDGc2uUOnmQVNNLRmYngjWiCr=w782-h504-s-no?authuser=0\" alt=\"\"\/><\/figure>\n\n\n\n<p class=\"wp-block-paragraph\">Letzten Freitag &#8211; Endlich wieder PMCamp. In Stuttgart war ich mit am Start (auch mit einer eigenen Sesssion \u00fcber <a rel=\"noreferrer noopener\" href=\"https:\/\/www.bernhardschloss.de\/blog\/gamification-auf-dem-pmcamp-stuttgart\/\" data-type=\"post\" data-id=\"5100\" target=\"_blank\">Gamification<\/a>).<\/p>\n\n\n\n<p class=\"wp-block-paragraph\">Es ist sch\u00f6n, wie sich diese liebgewonnene Tradition nach der Corona-Pause langsam wieder erholt. In Stuttgart mit einem kleinen, aber feinen Event und dennoch sp\u00fcrt man die Folgen und ge\u00e4nderte Bed\u00fcrfnisse &#8211; und dass in mehrfacher Hinsicht:<\/p>\n\n\n\n<ul class=\"wp-block-list\">\n<li><strong>Live statt remote<\/strong>: Auch wenn die meisten von uns die Remote-M\u00f6glichkeiten zu sch\u00e4tzen wissen und auch weiterhin nutzen, ist doch sp\u00fcrbar, dass ein Live-Event einfach pers\u00f6nlicher und intensiver ist. Da gehen die Teilgebenden mit einem ganz anderen Commitment rein und bleiben bei der Sache.<\/li>\n\n\n\n<li><strong>Format\u00e4nderungen<\/strong>: Vielleicht hat sich durch das ganze Remote-Arbeiten unsere Aufmerksamkeitspanne ver\u00e4ndert. Waren viele PMCamps fr\u00fcher oft 2-t\u00e4gig, wom\u00f6glich noch mit einer Introveranstaltung am Vorabend, empfinde ich selbst das eint\u00e4gige Format als angenehm. Zum reinen Remote-Format des PMCamp virtual konnte ich mich dieses Jahr ehrlich gesagt selbst nicht aufraffen. Klar bin ich auch remote unterwegs, aber zwei Tage am St\u00fcck war mir einfach too much. <\/li>\n\n\n\n<li><strong>Themenverschiebungen<\/strong>: Standen am Anfang der PMCamp-Bewegung noch Grabenk\u00e4mpfe (traditionell vs. agil, Verb\u00e4nde vs. Open Source) auf dem Programm, hat sich hier vieles entspannt. Die Vielfalt ist unstrittig akzeptiert. Projekte sind in unserer Welt unver\u00e4ndert wichtig, aber das ProjektMANAGEMENT wird mittlerweile viel kleiner geschrieben. Nicht dass wir Projekte heute besser machen w\u00fcrden, aber das Thema hat (angenehmerweise) an Dogmatik verloren.<\/li>\n\n\n\n<li><strong>Newbies und alte Hasen<\/strong>: In Stuttgart war der Teilnehmerkreis bunt durchmischt von Newbies (Studenten\/Barcamp-Erstt\u00e4tern) bis hin zu Veteranen, Alles in allem wieder eine inspirierende Mischung und trotzdem auf Augenh\u00f6he. Allerdings merkt man (zumindest in anderen St\u00e4dten) die Corona-Unterbrechung, die das eine oder andere Orga-Team mit dem Neustart z\u00f6gern l\u00e4sst, denen m\u00f6glicherweise frisches Blut aus den letzten 2-3 Jahre fehlt, w\u00e4hrend der eine oder andere Orga-Teilnehmer sich nach vielen Jahren verdient mal an andere Projekte und Themen wagt.<\/li>\n<\/ul>\n\n\n\n<p class=\"wp-block-paragraph\">Aber nochmal nach Stuttgart: Noch vor der Sessionplanung wurden die Teilnehmenden mit einem PM-Quartett als Icebreaker in Kleingruppen f\u00fcr erste Mini-Diskussionen durcheinander gemischt.<\/p>\n\n\n\n<p class=\"wp-block-paragraph\">Im ersten Session-Slot war der Beitrag des Gastgebers Oliver Kretzschmar \u00fcber ChatGPT &amp; Co fast schon so etwas wie eine versteckte Keynote. Oliver erkl\u00e4rte den Unterschied probabilistischen Modellen mit Wahrscheinlichkeiten gegen\u00fcber deterministischen Modellen mit Wenn-dann-Beziehungen. Er gab ein paar Demos zum Besten und lie\u00df u.a. ChatGPT live einen Netzplan anhand einer Pr\u00fcfungsaufgabe erstellen und nat\u00fcrlich wurde auch flei\u00dfig diskutiert \u00fcber Grenzen und den aktuellen Hype.<\/p>\n\n\n\n<p class=\"wp-block-paragraph\">Parallel zu Oliver fand sich ein Gr\u00fcppchen zu #No Estimates in einer zweiten Session von Robert Wei\u00dfgr\u00e4ber, ebenfalls einem der Gastgeber.<\/p>\n\n\n\n<p class=\"wp-block-paragraph\">Im zweiten Slot war ich selbst am Start, im dritten Slot stellte sich u.a. das PMCamp-Orga-Team aus Z\u00fcrich vor. Ich selbst war in einer OKR-Session in der Rachel ihre eigenen Probleme und H\u00fcrden in der Anwendung mit uns diskutierte. PM-Camps sind eben nicht nur Vortragsschlachten, sondern bieten vor allem auch Raum f\u00fcr Fragen, Diskussion und Vernetzung.<\/p>\n\n\n\n<p class=\"wp-block-paragraph\">\u00c4hnlich wie Rachel hat auch Jannik seine praktischen Probleme mitgebracht, diesmal \u00fcber Kundenprojekte, Auftrags- und Anforderungskl\u00e4rung, aber auch \u00fcber gegenseitige Erwartungen und Vertragsthemen.<\/p>\n\n\n\n<p class=\"wp-block-paragraph\">Im barrierefreien Foyer schlossen die Gastegber:innen ein gelungenes kleines, aber feines Event mit einem Closing.<\/p>\n\n\n\n<p class=\"wp-block-paragraph\">Ein Herzliches Daneksch\u00f6n an das Orga-Team und alle Teilgebenden!<\/p>\n\n\n\n<p class=\"wp-block-paragraph\">Im September ist \u00fcbrigens (auch eint\u00e4gig) das <a href=\"https:\/\/spm.ch\/veranstaltung\/pm-camp-zuerich-am-8-september-2023\/?fbclid=IwAR2MNxPUj5lygS9pRe2SP9AWZMWbkUSaMvQf7pbnzF6Z7P05igSER1IyOxg\" target=\"_blank\" rel=\"noreferrer noopener\">PMCamp Z\u00fcrich<\/a> am Start.<\/p>\n\n\n\n<figure class=\"wp-block-image size-large\"><img decoding=\"async\" src=\"https:\/\/lh3.googleusercontent.com\/sFhkkYxS8RcbPOJCA3Lmmggz3uDYwtRAZPlRzX5ITVgVncqQGuHTtuzpEmkjPhLnkqcUt3naLyAB-lrh7071SGsh7QNNXBJdLNZf1INrXpcqUB1z_3la5yEhG-_b8P9j85gwThMaJKgRhaonMdPxCXiGe6fcuT4LOsMaJZ15TEgMT2jZgKtmaUijyTLJmr1KMJ-4AEQO98c2c7M9Ry7PmWNj3yywLFuRpO6O6XwhoOx4uUa1Gi-94bQe8Gww4CcHlAtk3Q5uyyFpO1QeGDVkxGQHLZKyHvNvGLFFxTMcpzszCAwjgQ1g5QW-T0u77D0-W4QGBb9bTb38KfEbnfWlSytvi9CYNt3bGtm-ThT0TNloGu5Qk4DH_uS1sKC4HGsh8TkLlTSTf-qjqyxob4as6P_GjhCb1VhCb7xJSag7a9eOp4YWzMev25LeFImD5rHe2zpEZ-YM7R17Uvk6v-pjyM-GX97ISfwd0GHde_S_cDgdYFWfy_wUyt7eys3b8JW4ZZj-wdyKkCys-Q8Jj2S0T6djTT3Ek1Na__zF_P5DopsaObp6N-wFy3xFpc0mgKg0dBaS4EypRA8kqYlyOqLHi3srWeN8O7QlpSiMp9IH7dHOpqn6uSRHBGgWXQD_q66nTTmZf2mUxAhs4n2L7fi7dpC3iqPsol9UHcbyDM0IdWAT57-qrMksGZUvgvryACs4qNJnWKS5mcelsEGB5sDpfzMJ7B7znAwkKwVKHH65Djqka5-wSBHXUW1jweClq_ssZjPtpsinU-Tg2YDDAEtssqZ-7aoeZW4ge6Jvc3XKG1XNzcW7ac9LJhPWCO7Vv0kz6xCjSZDV9h0C3JhpofdhUjfe7jzHIk0-H45sHkxUmGX3n2i48lkU59t2_f6UQRVNFSXW9ij582efDQo9hKvfiPdVQTq_WMBdMVnUhMXYgAfa=w779-h522-s-no?authuser=0\" alt=\"\"\/><\/figure>\n<div class=\"twoclick_social_bookmarks_post_5111 social_share_privacy clearfix 1.6.4 locale-de_DE sprite-de_DE\"><\/div><div class=\"twoclick-js\"><script type=\"text\/javascript\">\/* <![CDATA[ *\/\njQuery(document).ready(function($){if($('.twoclick_social_bookmarks_post_5111')){$('.twoclick_social_bookmarks_post_5111').socialSharePrivacy({\"services\":{\"facebook\":{\"status\":\"on\",\"txt_info\":\"\",\"perma_option\":\"off\",\"action\":\"recommend\",\"language\":\"de_DE\"},\"twitter\":{\"reply_to\":\"schlossblog\",\"tweet_text\":\"Kudos%20f%C3%BCr%20Stuttgart%20%C2%BB%20schlossBlog\",\"status\":\"on\",\"txt_info\":\"\",\"perma_option\":\"off\",\"language\":\"de\",\"referrer_track\":\"\"},\"xing\":{\"status\":\"on\",\"txt_info\":\"\",\"perma_option\":\"off\",\"language\":\"de\",\"referrer_track\":\"\"},\"t3n\":{\"status\":\"on\",\"txt_info\":\"2 Klicks f\\u00fcr mehr Datenschutz: Erst wenn Sie hier klicken, wird der Button aktiv und Sie k\\u00f6nnen Ihre Empfehlung an t3n senden. Schon beim Aktivieren werden Daten an Dritte \\u00fcbertragen - siehe <em>i<\\\/em>.\",\"perma_option\":\"off\"},\"linkedin\":{\"status\":\"on\",\"txt_info\":\"2 Klicks f\\u00fcr mehr Datenschutz: Erst wenn Sie hier klicken, wird der Button aktiv und Sie k\\u00f6nnen Ihre Empfehlung an LinkedIn senden. Schon beim Aktivieren werden Daten an Dritte \\u00fcbertragen - siehe <em>i<\\\/em>.\",\"perma_option\":\"off\"}},\"txt_help\":\"\",\"settings_perma\":\"\",\"info_link\":\"\",\"uri\":\"https:\\\/\\\/www.bernhardschloss.de\\\/blog\\\/kudos-fuer-stuttgart\\\/\",\"post_id\":5111,\"post_title_referrer_track\":\"Kudos+f%C3%BCr+Stuttgart\",\"display_infobox\":\"on\"});}});\n\/* ]]> *\/<\/script><\/div>","protected":false},"excerpt":{"rendered":"<p>Letzten Freitag &#8211; Endlich wieder PMCamp. In Stuttgart war ich mit am Start (auch mit einer eigenen Sesssion \u00fcber Gamification). Es ist sch\u00f6n, wie sich diese liebgewonnene Tradition nach der Corona-Pause langsam wieder erholt. In Stuttgart mit einem kleinen, aber feinen Event und dennoch sp\u00fcrt man die Folgen und ge\u00e4nderte Bed\u00fcrfnisse &#8211; und dass in [&hellip;]<\/p>\n","protected":false},"author":4,"featured_media":0,"comment_status":"open","ping_status":"open","sticky":false,"template":"","format":"standard","meta":{"_crdt_document":"","footnotes":""},"categories":[8],"tags":[820,452,934],"class_list":["post-5111","post","type-post","status-publish","format-standard","hentry","category-projektmanagement","tag-kudo","tag-pmcamp","tag-stuttgart"],"_links":{"self":[{"href":"https:\/\/www.bernhardschloss.de\/blog\/wp-json\/wp\/v2\/posts\/5111","targetHints":{"allow":["GET"]}}],"collection":[{"href":"https:\/\/www.bernhardschloss.de\/blog\/wp-json\/wp\/v2\/posts"}],"about":[{"href":"https:\/\/www.bernhardschloss.de\/blog\/wp-json\/wp\/v2\/types\/post"}],"author":[{"embeddable":true,"href":"https:\/\/www.bernhardschloss.de\/blog\/wp-json\/wp\/v2\/users\/4"}],"replies":[{"embeddable":true,"href":"https:\/\/www.bernhardschloss.de\/blog\/wp-json\/wp\/v2\/comments?post=5111"}],"version-history":[{"count":3,"href":"https:\/\/www.bernhardschloss.de\/blog\/wp-json\/wp\/v2\/posts\/5111\/revisions"}],"predecessor-version":[{"id":5114,"href":"https:\/\/www.bernhardschloss.de\/blog\/wp-json\/wp\/v2\/posts\/5111\/revisions\/5114"}],"wp:attachment":[{"href":"https:\/\/www.bernhardschloss.de\/blog\/wp-json\/wp\/v2\/media?parent=5111"}],"wp:term":[{"taxonomy":"category","embeddable":true,"href":"https:\/\/www.bernhardschloss.de\/blog\/wp-json\/wp\/v2\/categories?post=5111"},{"taxonomy":"post_tag","embeddable":true,"href":"https:\/\/www.bernhardschloss.de\/blog\/wp-json\/wp\/v2\/tags?post=5111"}],"curies":[{"name":"wp","href":"https:\/\/api.w.org\/{rel}","templated":true}]}}