{"id":4560,"date":"2021-01-03T21:31:06","date_gmt":"2021-01-03T19:31:06","guid":{"rendered":"http:\/\/www.bernhardschloss.de\/blog\/?p=4560"},"modified":"2024-12-30T10:53:30","modified_gmt":"2024-12-30T08:53:30","slug":"buecherliste-projektmanagement","status":"publish","type":"post","link":"https:\/\/www.bernhardschloss.de\/blog\/buecherliste-projektmanagement\/","title":{"rendered":"B\u00fccherliste Projektmanagement"},"content":{"rendered":"\n<p class=\"wp-block-paragraph\">Die Frage nach Empfehlungen kommt immer wieder. <a rel=\"noreferrer noopener\" href=\"https:\/\/www.bernhardschloss.de\/blog\/buchempfehlungen-projektmanagement\/\" data-type=\"post\" data-id=\"3944\" target=\"_blank\">Einmal habe ich schon versucht darauf zu antworten<\/a> und die <a rel=\"noreferrer noopener\" href=\"https:\/\/www.openpm.info\/display\/openPM\/Literatur\" target=\"_blank\">Liste auf openPM<\/a> ist auch von mir initiiert.<\/p>\n\n\n\n<p class=\"wp-block-paragraph\">Dir Projektmanagement-&#8222;Schwarten&#8220; sind nicht unbedingt eine Empfehlung. Um ehrlich zu sein nutze ich sie nur zum Nachschlagen und f\u00fcr unsere Trainings. Da w\u00e4ren:<\/p>\n\n\n\n<ul class=\"wp-block-list\">\n<li>Der &#8222;<a href=\"https:\/\/www.amazon.de\/gp\/product\/1628251883\" target=\"_blank\" rel=\"noreferrer noopener\">PMBOK<\/a>&#8220; (Amazon) &#8211; The Project Management Body of Knowledge des <a href=\"https:\/\/www.pmi.org\/\" target=\"_blank\" rel=\"noreferrer noopener\">PMI<\/a>, der suggeriert alles zu beantworten, was wir schon immer \u00fcber Projektmanagement wissen wollten, aber dann doch sehr auf seine prozessorientierte Darstellung fokussiert.<\/li>\n\n\n\n<li>Die Konkurrenz von <a href=\"https:\/\/www.gpm-ipma.de\/ueber_uns\/ipma.html\" target=\"_blank\" rel=\"noreferrer noopener\">IPMA\/GPM<\/a> hei\u00dft \u00fcbrigens:  <a href=\"https:\/\/www.amazon.de\/gp\/product\/3924841772\" target=\"_blank\" rel=\"noreferrer noopener\">Kompetenzbasiertes Projektmanagement<\/a> (PM4) (Amazon) und ist mit ihren \u00fcber 1700 Seiten erschlagend<\/li>\n<\/ul>\n\n\n\n<p class=\"wp-block-paragraph\">Die &#8222;historischen&#8220; Eintr\u00e4ge in meinem B\u00fccherregal will ich an dieser Stelle ersparen.<\/p>\n\n\n\n<p class=\"wp-block-paragraph\">Das Standards nicht unbedingt ausufernd (und teuer) sein m\u00fcssen zeigt der <a href=\"https:\/\/www.scrumguides.org\/scrum-guide.html\" target=\"_blank\" rel=\"noreferrer noopener\">Scrum-Guide<\/a>, der die Grundlagen von Scrum als einer der zentralen agilen PM-Konzepte beschreibt.<\/p>\n\n\n\n<p class=\"wp-block-paragraph\">Erw\u00e4hnt seien nur mehr die Beitr\u00e4ge, die mich wirklich beeindruckt haben und bei den PM-Schwarten z\u00e4hlt da \u00a0<a href=\"https:\/\/www.amazon.de\/gp\/product\/3825223884\" target=\"_blank\" rel=\"noreferrer noopener\">Bea\/Scheuerer\/Hesselmann<\/a> (Amazon) mit einer betriebswirtschaftlichen Sicht auf Projekte, die ich lange gesucht habe, weil die ganze Disziplin doch stark im ingenieurswissenschaftlichen Bereich wurzelt. Neuere Werke, die auch dem hybriden Projektmanagement Rechenschaft (auch wenn ich den Begriff nicht mag) tragen finden sich z.B. bei <a href=\"https:\/\/www.amazon.de\/gp\/product\/3527530487\" target=\"_blank\" rel=\"noreferrer noopener\">Timinger<\/a> (Amazon). Den betriebswirtschaftlichen Faden UND das hybride PM im Sinne eines situativen PM greift Oliver Lehmann (&#8222;<a href=\"https:\/\/amzn.to\/2MuR5IW\" target=\"_blank\" rel=\"noreferrer noopener\">Situational Pro<\/a><a href=\"https:\/\/www.amazon.de\/gp\/product\/B01JPS91FW\" target=\"_blank\" rel=\"noreferrer noopener\">j<\/a><a href=\"https:\/\/amzn.to\/2MuR5IW\" target=\"_blank\" rel=\"noreferrer noopener\">ect Management<\/a>&#8220; (Amazon) und &#8222;<a href=\"https:\/\/www.amazon.de\/gp\/product\/1138197505\" target=\"_blank\" rel=\"noreferrer noopener\">Project Business Management<\/a>&#8220; (Amazon) auf.<\/p>\n\n\n\n<p class=\"wp-block-paragraph\">F\u00fcr den Einstieg w\u00fcrde ich allerdings ganz andere Werke empfehlen:<\/p>\n\n\n\n<p class=\"wp-block-paragraph\">Sehr inspirierend sind \u201e<a href=\"https:\/\/www.amazon.de\/gp\/product\/3446414398\" target=\"_blank\" rel=\"noreferrer noopener\">Der Termin<\/a>\u201c (Amazon), ein Roman \u00fcber Projektmanagement, von Tom DeMarco und auch \u201e<a href=\"https:\/\/www.amazon.de\/gp\/product\/3446438955\" target=\"_blank\" rel=\"noreferrer noopener\">Wien wartet auf dich<\/a>\u201c (Amazon) als Klassiker.<\/p>\n\n\n\n<p class=\"wp-block-paragraph\">Wer an der Romanform Gefallen findet, dem sei noch Goldratt mit seiner <a href=\"https:\/\/www.amazon.de\/gp\/product\/3593398532\" target=\"_blank\" rel=\"noreferrer noopener\">Theory of Constraints<\/a> (Amazon ) oder unser eigenes Buch <a href=\"https:\/\/www.amazon.de\/Business-Visualisierung-Tools-Ideen-bessere-Kommunikation\/dp\/3446478000\" target=\"_blank\" rel=\"noreferrer noopener\">Business Visualisierung<\/a> (Amazon) empfohlen- genauso spielerisch, aber etwas spezieller.<\/p>\n\n\n\n<p class=\"wp-block-paragraph\">Wirklich empfehlen m\u00f6chte ich ansonsten eher zu Detailthemen, wie Tom DeMarcos &#8222;<a href=\"https:\/\/www.amazon.de\/gp\/product\/3446223339\/ref=as_li_qf_asin_il_tl?ie=UTF8&amp;tag=schlossblog-21&amp;creative=6742&amp;linkCode=as2&amp;creativeASIN=3446223339&amp;linkId=2b259e235c71f4a6a2809992a7ee014a\" target=\"_blank\" rel=\"noreferrer noopener\">B\u00e4rentango<\/a>&#8220; (Amazon) zum Thema Risikomanagement, Manfred No\u00e9 mit seinem &#8222;<a href=\"https:\/\/www.amazon.de\/gp\/product\/389578270X\" target=\"_blank\" rel=\"noreferrer noopener\">Projektbegleitendes Qualit\u00e4tsmanagement<\/a>&#8222;, &#8222;<a href=\"https:\/\/amzn.to\/38b7gDzhttps:\/\/www.amazon.de\/gp\/product\/3895783358\" target=\"_blank\" rel=\"noreferrer noopener\">Claim Management<\/a>&#8220; von Gregorc und Weiner, speziell f\u00fcr Projekt die auf der Kippe stehen &#8222;<a href=\"https:\/\/www.amazon.de\/gp\/product\/3000423834\" target=\"_blank\" rel=\"noreferrer noopener\">Turn\/around<\/a>&#8220; von Dannenhauer\/Koerting\/Merkwitza und &#8222;<a href=\"https:\/\/www.amazon.de\/gp\/product\/3981991710\/\" target=\"_blank\" rel=\"noreferrer noopener\">#PM2025<\/a>&#8220; von Heiko Bartlog und Olaf Hinz., letzteres ist ein Update zu PM-Methoden und Practices und von daher sehr empfehlenswert (alles Amazon  Links).<\/p>\n\n\n\n<p class=\"wp-block-paragraph\">Sch\u00e4tze findet man mitunter auch im <a href=\"https:\/\/www.projektmagazin.de\/\" target=\"_blank\" rel=\"noreferrer noopener\">Projektmagazin <\/a>&#8211; und ratet mal, wer da gelegentlich publiziert&#8230;<\/p>\n\n\n\n<p class=\"wp-block-paragraph\"><\/p>\n\n\n\n<p class=\"wp-block-paragraph\"><\/p>\n\n\n\n<p class=\"wp-block-paragraph\"><\/p>\n<div class=\"twoclick_social_bookmarks_post_4560 social_share_privacy clearfix 1.6.4 locale-de_DE sprite-de_DE\"><\/div><div class=\"twoclick-js\"><script type=\"text\/javascript\">\/* <![CDATA[ *\/\njQuery(document).ready(function($){if($('.twoclick_social_bookmarks_post_4560')){$('.twoclick_social_bookmarks_post_4560').socialSharePrivacy({\"services\":{\"facebook\":{\"status\":\"on\",\"txt_info\":\"\",\"perma_option\":\"off\",\"action\":\"recommend\",\"language\":\"de_DE\"},\"twitter\":{\"reply_to\":\"schlossblog\",\"tweet_text\":\"B%C3%BCcherliste%20Projektmanagement%20%C2%BB%20schlossBlog\",\"status\":\"on\",\"txt_info\":\"\",\"perma_option\":\"off\",\"language\":\"de\",\"referrer_track\":\"\"},\"xing\":{\"status\":\"on\",\"txt_info\":\"\",\"perma_option\":\"off\",\"language\":\"de\",\"referrer_track\":\"\"},\"t3n\":{\"status\":\"on\",\"txt_info\":\"2 Klicks f\\u00fcr mehr Datenschutz: Erst wenn Sie hier klicken, wird der Button aktiv und Sie k\\u00f6nnen Ihre Empfehlung an t3n senden. Schon beim Aktivieren werden Daten an Dritte \\u00fcbertragen - siehe <em>i<\\\/em>.\",\"perma_option\":\"off\"},\"linkedin\":{\"status\":\"on\",\"txt_info\":\"2 Klicks f\\u00fcr mehr Datenschutz: Erst wenn Sie hier klicken, wird der Button aktiv und Sie k\\u00f6nnen Ihre Empfehlung an LinkedIn senden. Schon beim Aktivieren werden Daten an Dritte \\u00fcbertragen - siehe <em>i<\\\/em>.\",\"perma_option\":\"off\"}},\"txt_help\":\"\",\"settings_perma\":\"\",\"info_link\":\"\",\"uri\":\"https:\\\/\\\/www.bernhardschloss.de\\\/blog\\\/buecherliste-projektmanagement\\\/\",\"post_id\":4560,\"post_title_referrer_track\":\"B%C3%BCcherliste+Projektmanagement\",\"display_infobox\":\"on\"});}});\n\/* ]]> *\/<\/script><\/div>","protected":false},"excerpt":{"rendered":"<p>Die Frage nach Empfehlungen kommt immer wieder. Einmal habe ich schon versucht darauf zu antworten und die Liste auf openPM ist auch von mir initiiert. Dir Projektmanagement-&#8222;Schwarten&#8220; sind nicht unbedingt eine Empfehlung. Um ehrlich zu sein nutze ich sie nur zum Nachschlagen und f\u00fcr unsere Trainings. Da w\u00e4ren: Die &#8222;historischen&#8220; Eintr\u00e4ge in meinem B\u00fccherregal will [&hellip;]<\/p>\n","protected":false},"author":4,"featured_media":0,"comment_status":"open","ping_status":"open","sticky":false,"template":"","format":"standard","meta":{"_crdt_document":"","footnotes":""},"categories":[8],"tags":[383,823],"class_list":["post-4560","post","type-post","status-publish","format-standard","hentry","category-projektmanagement","tag-bucher","tag-buecherliste"],"_links":{"self":[{"href":"https:\/\/www.bernhardschloss.de\/blog\/wp-json\/wp\/v2\/posts\/4560","targetHints":{"allow":["GET"]}}],"collection":[{"href":"https:\/\/www.bernhardschloss.de\/blog\/wp-json\/wp\/v2\/posts"}],"about":[{"href":"https:\/\/www.bernhardschloss.de\/blog\/wp-json\/wp\/v2\/types\/post"}],"author":[{"embeddable":true,"href":"https:\/\/www.bernhardschloss.de\/blog\/wp-json\/wp\/v2\/users\/4"}],"replies":[{"embeddable":true,"href":"https:\/\/www.bernhardschloss.de\/blog\/wp-json\/wp\/v2\/comments?post=4560"}],"version-history":[{"count":9,"href":"https:\/\/www.bernhardschloss.de\/blog\/wp-json\/wp\/v2\/posts\/4560\/revisions"}],"predecessor-version":[{"id":5543,"href":"https:\/\/www.bernhardschloss.de\/blog\/wp-json\/wp\/v2\/posts\/4560\/revisions\/5543"}],"wp:attachment":[{"href":"https:\/\/www.bernhardschloss.de\/blog\/wp-json\/wp\/v2\/media?parent=4560"}],"wp:term":[{"taxonomy":"category","embeddable":true,"href":"https:\/\/www.bernhardschloss.de\/blog\/wp-json\/wp\/v2\/categories?post=4560"},{"taxonomy":"post_tag","embeddable":true,"href":"https:\/\/www.bernhardschloss.de\/blog\/wp-json\/wp\/v2\/tags?post=4560"}],"curies":[{"name":"wp","href":"https:\/\/api.w.org\/{rel}","templated":true}]}}