{"id":4555,"date":"2021-01-03T20:18:01","date_gmt":"2021-01-03T18:18:01","guid":{"rendered":"http:\/\/www.bernhardschloss.de\/blog\/?p=4555"},"modified":"2021-01-03T20:26:31","modified_gmt":"2021-01-03T18:26:31","slug":"diskussionskultur","status":"publish","type":"post","link":"https:\/\/www.bernhardschloss.de\/blog\/diskussionskultur\/","title":{"rendered":"Diskussionskultur"},"content":{"rendered":"\n<p class=\"wp-block-paragraph\">Neulich auf Twitter. Erst fr\u00e4gt Gabriel Rath (<a rel=\"noreferrer noopener\" href=\"https:\/\/twitter.com\/gabrealness\" target=\"_blank\">@gabrealness<\/a>): &#8222;<a rel=\"noreferrer noopener\" href=\"https:\/\/twitter.com\/gabrealness\/status\/1345461495749087232\" target=\"_blank\">Wer bloggt eigentlich noch auf einem eigenen Blog?<\/a> Kann es sein, dass alle nur noch posten?&#8220;<\/p>\n\n\n\n<figure class=\"wp-block-image size-large is-style-default\"><img decoding=\"async\" src=\"https:\/\/lh3.googleusercontent.com\/XgRJ37PpuKKTf3Nh9wfNqpAiKcwsBprct7XSyebNG22mCSPRtlpqAsSbagjgzUGOVN2vMN44jNArE8E_SVTdMphe5thapNAh_vEZrr58VMKM-ApINRBCN62HGXlIiMq-hhNnDdxqFMLovj2rGN7S4KcklxM0TLJWEjBgCktAHrDsAxSM4a50TjlRIX2EMnPZ3yPt90UvweJOKm61kBxs9P6TXxiQYVHtl3D82U4B2V2sSDhZX7aXuHZy4h-jv4c9dnCmYejVQ9edLu6Y_2JIgCx-5AKHO-aFBkMbQodt_ZSXmcotQ4QNKkI-r8kTa2EfgfwbQFWZkLjjTo55al3M-eFYdEg_uDtXg3pn3tdX6U07V7tuljXtCmwyUApDy-p6EtPNJceRLzOlbVRCCaRxsq3rVkgO1v6fR9XZB-d5LDqvfanzh73NlG7rGJGZHEROAGhB_DafWodXpLnHixBo8AhGMQFqdQq_py_6c1YR2ozxTr5K6nGV7fys5V6pBVAjA-I5TcSTBwUCF-pFhwvkKjYDX3lnvdusrCDPpnXsqf4nAvi-pjHXITvOt0KJ4LrELcX7fzbBJ5e-soiz_yh8zN5s0dtBNWAaDJH-DbBJa95G8-_zyPaiGFE0_-FDzR0ehXNcdiy4LJ325Lyj6MztxShcOwL9y_flxZKE67xkmWCbqPnRCY1JN8s3Tk-DUg=w533-h807-no?authuser=0\" alt=\"\"\/><\/figure>\n\n\n\n<p class=\"wp-block-paragraph\">Annas (<a href=\"https:\/\/twitter.com\/a_koschinski\" target=\"_blank\" rel=\"noreferrer noopener\">@a_koschinski<\/a>) Replik hat mich in mehrerlei Hinsicht nachdenklich gemacht.<\/p>\n\n\n\n<p class=\"wp-block-paragraph\">Also zumindest in der Anfangszeit meiner Bloggerei hat sich so etwas wie eine Community zwischen mehreren Blogs abgespielt, aber nicht wirklich in einem. Den Anspruch hatte ich f\u00fcr mich selber auch nie. Kumuliert hat sich das f\u00fcr mich pers\u00f6nlich im <a rel=\"noreferrer noopener\" href=\"https:\/\/www.pm-camp.org\/\" target=\"_blank\">PMCamp<\/a> Dornbirn, wo sich vor 10 Jahren dann erstmals die deutsche Bloggerszene zum Thema Projektmanagement verabredet hat. Klassentreffen von vielen, die sich bis dahin nur virtuell kannten. F\u00fcr mich pers\u00f6nlich wegweisend und bereichernd. Mit einer Reihe von Kollegen, die ich damals erstmals real getroffen habe, mache ich heute noch Herzensprojekte.<\/p>\n\n\n\n<p class=\"wp-block-paragraph\">Eines davon ist <a rel=\"noreferrer noopener\" href=\"https:\/\/www.openpm.info\/\" target=\"_blank\">openPM<\/a>. Von dem Wiki dort hatten wir uns eine Menge versprochen und aktuell f\u00fchren wir dort genau <a rel=\"noreferrer noopener\" href=\"https:\/\/www.openpm.info\/display\/Verein\/openPM+2.0\" target=\"_blank\">die gleiche Diskussion<\/a> \u00fcber neue Beitr\u00e4ge, Feedback und Diskussionen und ob ein Wiki \u00fcberhaupt noch die richtige Antwort ist.<\/p>\n\n\n\n<p class=\"wp-block-paragraph\">\u00dcber <a href=\"https:\/\/www.bernhardschloss.de\/blog\/feedback\/\" data-type=\"post\" data-id=\"4354\">Feedbackkultur<\/a>, habe ich erst k\u00fcrzlich hier sinniert. Mit einigen Trainern und Verantwortlichen bei LinkedIn Learning hatte ich hierzu schon Diskussionen. Bei Business-Themen (was ich im Tweet schon angedeutet hatte) scheint &#8222;man&#8220; Diskussion und Feedback zu scheuen. Bei Technik- und Nerd-Themen sieht das schon anders aus, auch wenn es hier in meinen Augen eine Abflachen gab. Foren sind nur noch ein Schatten ihrer selbst (mit wenigen Ausnahmen) &#8211; da bin ich mir mit meinem Kollegen und Mitstreiter <a href=\"https:\/\/www.pentaeder.de\/2020-blog\/\" target=\"_blank\" rel=\"noreferrer noopener\">Eberhard Huber <\/a>einig. Nur vereinzelt findet man dort noch, worauf man hofft. <\/p>\n\n\n\n<p class=\"wp-block-paragraph\">Annas Antwort finde ich grenzwertig: &#8222;&#8230;f\u00fcr Anleitungen applaudieren viele nicht mehr&#8230;&#8220;. Es geht nicht um Bauchpinseln, sondern um Respekt. Und da zeigt sich die kostenlos-Kultur von ihrer schlechtesten Seite.  Die Inhalte, der Content wird meist nur mehr konsumiert, weder reflektiert (zumindest nicht \u00f6ffentlich), noch wertgesch\u00e4tzt. Das ist zwar legitim, aber da ist auch ein St\u00fcck weit etwas verloren gegangen. <\/p>\n\n\n\n<p class=\"wp-block-paragraph\">Hei, fuck, genau das vermisse ich aktuell. Ich w\u00fcnsche mir mehr Diskussionskultur. Und Twitter ist da auch nur eine radikal verk\u00fcrzte Variante. Vielleicht bin ich ja ein traumt\u00e4nzerischer Idealist, aber irgendwie habe ich das Gef\u00fchl, dass wir hier schon mal viel weiter waren.<\/p>\n<div class=\"twoclick_social_bookmarks_post_4555 social_share_privacy clearfix 1.6.4 locale-de_DE sprite-de_DE\"><\/div><div class=\"twoclick-js\"><script type=\"text\/javascript\">\/* <![CDATA[ *\/\njQuery(document).ready(function($){if($('.twoclick_social_bookmarks_post_4555')){$('.twoclick_social_bookmarks_post_4555').socialSharePrivacy({\"services\":{\"facebook\":{\"status\":\"on\",\"txt_info\":\"\",\"perma_option\":\"off\",\"action\":\"recommend\",\"language\":\"de_DE\"},\"twitter\":{\"reply_to\":\"schlossblog\",\"tweet_text\":\"Diskussionskultur%20%C2%BB%20schlossBlog\",\"status\":\"on\",\"txt_info\":\"\",\"perma_option\":\"off\",\"language\":\"de\",\"referrer_track\":\"\"},\"xing\":{\"status\":\"on\",\"txt_info\":\"\",\"perma_option\":\"off\",\"language\":\"de\",\"referrer_track\":\"\"},\"t3n\":{\"status\":\"on\",\"txt_info\":\"2 Klicks f\\u00fcr mehr Datenschutz: Erst wenn Sie hier klicken, wird der Button aktiv und Sie k\\u00f6nnen Ihre Empfehlung an t3n senden. Schon beim Aktivieren werden Daten an Dritte \\u00fcbertragen - siehe <em>i<\\\/em>.\",\"perma_option\":\"off\"},\"linkedin\":{\"status\":\"on\",\"txt_info\":\"2 Klicks f\\u00fcr mehr Datenschutz: Erst wenn Sie hier klicken, wird der Button aktiv und Sie k\\u00f6nnen Ihre Empfehlung an LinkedIn senden. Schon beim Aktivieren werden Daten an Dritte \\u00fcbertragen - siehe <em>i<\\\/em>.\",\"perma_option\":\"off\"}},\"txt_help\":\"\",\"settings_perma\":\"\",\"info_link\":\"\",\"uri\":\"https:\\\/\\\/www.bernhardschloss.de\\\/blog\\\/diskussionskultur\\\/\",\"post_id\":4555,\"post_title_referrer_track\":\"Diskussionskultur\",\"display_infobox\":\"on\"});}});\n\/* ]]> *\/<\/script><\/div>","protected":false},"excerpt":{"rendered":"<p>Neulich auf Twitter. Erst fr\u00e4gt Gabriel Rath (@gabrealness): &#8222;Wer bloggt eigentlich noch auf einem eigenen Blog? Kann es sein, dass alle nur noch posten?&#8220; Annas (@a_koschinski) Replik hat mich in mehrerlei Hinsicht nachdenklich gemacht. Also zumindest in der Anfangszeit meiner Bloggerei hat sich so etwas wie eine Community zwischen mehreren Blogs abgespielt, aber nicht wirklich [&hellip;]<\/p>\n","protected":false},"author":4,"featured_media":0,"comment_status":"open","ping_status":"open","sticky":false,"template":"","format":"standard","meta":{"_crdt_document":"","footnotes":""},"categories":[597],"tags":[467,813,238],"class_list":["post-4555","post","type-post","status-publish","format-standard","hentry","category-blogospaehre","tag-diskussion","tag-feedback","tag-kultur"],"_links":{"self":[{"href":"https:\/\/www.bernhardschloss.de\/blog\/wp-json\/wp\/v2\/posts\/4555","targetHints":{"allow":["GET"]}}],"collection":[{"href":"https:\/\/www.bernhardschloss.de\/blog\/wp-json\/wp\/v2\/posts"}],"about":[{"href":"https:\/\/www.bernhardschloss.de\/blog\/wp-json\/wp\/v2\/types\/post"}],"author":[{"embeddable":true,"href":"https:\/\/www.bernhardschloss.de\/blog\/wp-json\/wp\/v2\/users\/4"}],"replies":[{"embeddable":true,"href":"https:\/\/www.bernhardschloss.de\/blog\/wp-json\/wp\/v2\/comments?post=4555"}],"version-history":[{"count":4,"href":"https:\/\/www.bernhardschloss.de\/blog\/wp-json\/wp\/v2\/posts\/4555\/revisions"}],"predecessor-version":[{"id":4559,"href":"https:\/\/www.bernhardschloss.de\/blog\/wp-json\/wp\/v2\/posts\/4555\/revisions\/4559"}],"wp:attachment":[{"href":"https:\/\/www.bernhardschloss.de\/blog\/wp-json\/wp\/v2\/media?parent=4555"}],"wp:term":[{"taxonomy":"category","embeddable":true,"href":"https:\/\/www.bernhardschloss.de\/blog\/wp-json\/wp\/v2\/categories?post=4555"},{"taxonomy":"post_tag","embeddable":true,"href":"https:\/\/www.bernhardschloss.de\/blog\/wp-json\/wp\/v2\/tags?post=4555"}],"curies":[{"name":"wp","href":"https:\/\/api.w.org\/{rel}","templated":true}]}}