{"id":4358,"date":"2020-11-02T14:20:29","date_gmt":"2020-11-02T12:20:29","guid":{"rendered":"http:\/\/www.bernhardschloss.de\/blog\/?p=4358"},"modified":"2024-12-30T11:16:51","modified_gmt":"2024-12-30T09:16:51","slug":"facilitation-masterclass-orientieren","status":"publish","type":"post","link":"https:\/\/www.bernhardschloss.de\/blog\/facilitation-masterclass-orientieren\/","title":{"rendered":"Facilitation Masterclass &#8211;  Orientieren"},"content":{"rendered":"\n<p class=\"wp-block-paragraph\">Die Facilitation Masterclass, die Visual Braindump gemeinsam mit Stefan Moser und mir anbietet,  ist in drei gr\u00f6\u00dfere Abschnitte gegliedert:<\/p>\n\n\n\n<figure class=\"wp-block-image size-large\"><a href=\"https:\/\/www.visual-braindump.de\/facilitation-masterclass\/\"><img decoding=\"async\" src=\"https:\/\/lh3.googleusercontent.com\/5j3qOgn5SfnjFc5Cs2zio9GaMC6BEmVSHX1gl5J25jJ1dYUa78c1ayzRpJ2ldIOCExjy1JFVDiGl7taRiWSoT649Uw65Pl_M5-sukvekm8Vql9wIrmjMpyrIY_WCfHs0sA2HtqrJMfRze2rzGtq58V8PA-8PweEFxf0Ki-0SZYHcv1ldyWjjrhSrmg6MlLWIHlq6pzt5tAM3cNe3iBuyqZBjXX5AEVSB6DuZnw8V8mcDp68cg34uIDLiCC-hZvQITdCeUYSdPiSQtQpIf0q8T9L4r2ZWmTJE_vAcfk76VEW2wg9nUVj4a4UJ0ywCr8uaoh_0U9qQDpJHSkCxwKH1IJgQew4PO4zHDIEcmbuXk2E5PVLAyRckEqYmCCs95blzIpxIpJ3KnQ-pxI-U-6eL7_CF6f1fyxX3RQkbSwwFNKuohmC8NUshzYqQRnf7_bVHXTZ0qWYADipRMAgsczsN-gyakRz2AL2gZuGv1NZ1I2trcFGt11iZBNU_paF2rGHoOswfeItz0NN4-nhBDgQFjFQoVFSZ4VpWhFCjr5HUtkSywMZaL2ExUvKefLTLj9fiW_Gr34qx5YO1CgUUvfw_TPWE2dVbGwcc5OryyxyYiZwapByzMZc-g_94ZVD4kFzCNevKH-VHUOjjrj7V1nj7ytPnVa8hO3qhSkDqTdiOFdvsXQuaZuIlWalC4MFk0g=w797-h377-no?authuser=0\" alt=\"\"\/><\/a><\/figure>\n\n\n\n<p class=\"wp-block-paragraph\">Was verbirgt sich hinter Modul 1 &#8211; dem Orientieren?<\/p>\n\n\n\n<p class=\"wp-block-paragraph\">Nun wir bewegen uns in unterschiedlichsten Kontexten, zwischen verschiedenen Gruppen und Beteiligten. Wenn wir nun <a href=\"https:\/\/www.bernhardschloss.de\/blog\/was-bitte-ist-facilitation\/\" data-type=\"post\" data-id=\"4348\">Facilitation<\/a> anwenden wollen, um gemeinsame Ziele erfolgreich zu erreichen und umzusetzen, m\u00fcssen wir uns im jeweiligen Umfeld erst einmal orientieren.<\/p>\n\n\n\n<p class=\"wp-block-paragraph\">Und wie soll das funktionieren?<\/p>\n\n\n\n<p class=\"wp-block-paragraph\">Die Zauberbegriffe hierf\u00fcr hei\u00dfen Kommunikation und Visualisierung. <\/p>\n\n\n\n<p class=\"wp-block-paragraph\">Und genau das sind die Schwerpunkte in Modul 1. Erfahren Sie, welche Kraft Bilder entwickeln k\u00f6nnen und wie visuelles Denken zu gemeinsamem Verst\u00e4ndnis und Transparenz f\u00fchrt. Erleben Sie, wie sie Gruppen mit visuellen Techniken f\u00fchren, leiten und begeistern k\u00f6nnen.<\/p>\n\n\n\n<p class=\"wp-block-paragraph\">Uns geht es dabei vor allem um die Anwendung.<\/p>\n\n\n\n<p class=\"wp-block-paragraph\">Unsere Leidenschaft f\u00fcr dieses Thema bleibt Lesern hier im Blog nicht verborgen und so entstand auch unser <a href=\"https:\/\/www.amazon.de\/Business-Visualisierung-Tools-Ideen-bessere-Kommunikation\/dp\/3446478000\" target=\"_blank\" rel=\"noreferrer noopener\">Reisef\u00fchrer in die Welt der Business Visualisierung<\/a> (Amazon):<\/p>\n\n\n\n<figure class=\"wp-block-image size-large\"><a href=\"https:\/\/amzn.to\/41GuHgR\"><img decoding=\"async\" src=\"https:\/\/lh3.googleusercontent.com\/ikTydLSs4c5cHLAJqqO8ejy_rTInk8ZbsP1ca9_wczFBPwk5wVlk8UOlb-MhB9554SJwFJ16NDVOsiXDD_b2p047bByo20Li6K7AIBYBEF6X6fcPvt23QoxQL1oztAFpjYKj00JxAYAmeLqd9-v67ZDnBT6xGXZ0nF5hMc87fEaeEzDkgSFf8oSMaoORnbCrL3PgYhg-qIYfZGeYcKBsQ_XzLmrjCHO_sDOFbCjNXgXL31Bbu1pnAjumfWh5vNtYTsQ6UqMN98HdsEaZel2aGN02Ni5C81oPBIJ835x1exktSD0vTp9Jlw1mB-bOxTHKnxS5aKDfg6SeuFh_2P4PhvEn0SvFFZmWkMHw70AJp8hl40k0IGFMNWrNL2R_UY7wvAbiAGzMBChFXKIO3Yf7GdIpiYG9XG5g0Fr35DVF95NFET9Zlc1qlhgVMKCT7fn6Z57s0H-unwgeuv5XsoA-qJIsN5czm9NaFye2smCnSmlnUZ6J5EW3anQV-nnGEgQs4wNS0YCHTNMQ6qk9HRCI0gdil9MTLr2wcFv65XO2rGwgAi7dBu9vtyMJEncDj6JRIl8r_akD2UIURrswMdoFpBl-po9Ah6t1e-uZqbUg0XyP3qceYgfnOGwR2F2MmujcePoDpgpfMBgKsiR_Ngm5Vja88_uQAAZz4K59z0Rdxtp9fTmp9qPOm_g43TPt4w=w868-h862-no?authuser=0\" alt=\"\"\/><\/a><\/figure>\n\n\n\n<p class=\"wp-block-paragraph\">Den gibt es \u00fcbrigens auch als <a href=\"https:\/\/www.bernhardschloss.de\/blog\/visualisierung-fuer-die-ohren\/\" data-type=\"post\" data-id=\"4222\">kostenloses H\u00f6rbuch<\/a>.<\/p>\n\n\n\n<p class=\"wp-block-paragraph\">Als &#8222;\u00dcberzeugungst\u00e4ter&#8220; versuchen wir diese Themen nicht nur in unseren Kundenprojekten anzuwenden, sondern teilen unser Wissen und unsere Erfahrung hier, im Buch oder in unseren <a href=\"https:\/\/www.linkedin.com\/learning\/instructors\/bernhard-schloss\" target=\"_blank\" rel=\"noreferrer noopener\">LinkedIn Learning Videotrainings<\/a> und vor allem auch in der Facilitation Masterclass.<\/p>\n\n\n\n<p class=\"wp-block-paragraph\">Neugierig geworden? <a href=\"https:\/\/www.visual-braindump.de\/facilitation-masterclass\/\" target=\"_blank\" rel=\"noreferrer noopener\">Zu mehr Details und zur Anmeldung geht es hier.<\/a><\/p>\n<div class=\"twoclick_social_bookmarks_post_4358 social_share_privacy clearfix 1.6.4 locale-de_DE sprite-de_DE\"><\/div><div class=\"twoclick-js\"><script type=\"text\/javascript\">\/* <![CDATA[ *\/\njQuery(document).ready(function($){if($('.twoclick_social_bookmarks_post_4358')){$('.twoclick_social_bookmarks_post_4358').socialSharePrivacy({\"services\":{\"facebook\":{\"status\":\"on\",\"txt_info\":\"\",\"perma_option\":\"off\",\"action\":\"recommend\",\"language\":\"de_DE\"},\"twitter\":{\"reply_to\":\"schlossblog\",\"tweet_text\":\"Facilitation%20Masterclass%20%E2%80%93%20%20Orientieren%20%C2%BB%20schlossBlog\",\"status\":\"on\",\"txt_info\":\"\",\"perma_option\":\"off\",\"language\":\"de\",\"referrer_track\":\"\"},\"xing\":{\"status\":\"on\",\"txt_info\":\"\",\"perma_option\":\"off\",\"language\":\"de\",\"referrer_track\":\"\"},\"t3n\":{\"status\":\"on\",\"txt_info\":\"2 Klicks f\\u00fcr mehr Datenschutz: Erst wenn Sie hier klicken, wird der Button aktiv und Sie k\\u00f6nnen Ihre Empfehlung an t3n senden. Schon beim Aktivieren werden Daten an Dritte \\u00fcbertragen - siehe <em>i<\\\/em>.\",\"perma_option\":\"off\"},\"linkedin\":{\"status\":\"on\",\"txt_info\":\"2 Klicks f\\u00fcr mehr Datenschutz: Erst wenn Sie hier klicken, wird der Button aktiv und Sie k\\u00f6nnen Ihre Empfehlung an LinkedIn senden. Schon beim Aktivieren werden Daten an Dritte \\u00fcbertragen - siehe <em>i<\\\/em>.\",\"perma_option\":\"off\"}},\"txt_help\":\"\",\"settings_perma\":\"\",\"info_link\":\"\",\"uri\":\"https:\\\/\\\/www.bernhardschloss.de\\\/blog\\\/facilitation-masterclass-orientieren\\\/\",\"post_id\":4358,\"post_title_referrer_track\":\"Facilitation+Masterclass+%26%238211%3B++Orientieren\",\"display_infobox\":\"on\"});}});\n\/* ]]> *\/<\/script><\/div>","protected":false},"excerpt":{"rendered":"<p>Die Facilitation Masterclass, die Visual Braindump gemeinsam mit Stefan Moser und mir anbietet, ist in drei gr\u00f6\u00dfere Abschnitte gegliedert: Was verbirgt sich hinter Modul 1 &#8211; dem Orientieren? Nun wir bewegen uns in unterschiedlichsten Kontexten, zwischen verschiedenen Gruppen und Beteiligten. Wenn wir nun Facilitation anwenden wollen, um gemeinsame Ziele erfolgreich zu erreichen und umzusetzen, m\u00fcssen [&hellip;]<\/p>\n","protected":false},"author":4,"featured_media":0,"comment_status":"open","ping_status":"open","sticky":false,"template":"","format":"standard","meta":{"_crdt_document":"","footnotes":""},"categories":[665,814,13,656,161],"tags":[62,812,398,447],"class_list":["post-4358","post","type-post","status-publish","format-standard","hentry","category-business-visualisierung","category-facilitation","category-training","category-workshop","category-ziele","tag-kommunikation","tag-masterclass","tag-orientierung","tag-visualisierung"],"_links":{"self":[{"href":"https:\/\/www.bernhardschloss.de\/blog\/wp-json\/wp\/v2\/posts\/4358","targetHints":{"allow":["GET"]}}],"collection":[{"href":"https:\/\/www.bernhardschloss.de\/blog\/wp-json\/wp\/v2\/posts"}],"about":[{"href":"https:\/\/www.bernhardschloss.de\/blog\/wp-json\/wp\/v2\/types\/post"}],"author":[{"embeddable":true,"href":"https:\/\/www.bernhardschloss.de\/blog\/wp-json\/wp\/v2\/users\/4"}],"replies":[{"embeddable":true,"href":"https:\/\/www.bernhardschloss.de\/blog\/wp-json\/wp\/v2\/comments?post=4358"}],"version-history":[{"count":9,"href":"https:\/\/www.bernhardschloss.de\/blog\/wp-json\/wp\/v2\/posts\/4358\/revisions"}],"predecessor-version":[{"id":5550,"href":"https:\/\/www.bernhardschloss.de\/blog\/wp-json\/wp\/v2\/posts\/4358\/revisions\/5550"}],"wp:attachment":[{"href":"https:\/\/www.bernhardschloss.de\/blog\/wp-json\/wp\/v2\/media?parent=4358"}],"wp:term":[{"taxonomy":"category","embeddable":true,"href":"https:\/\/www.bernhardschloss.de\/blog\/wp-json\/wp\/v2\/categories?post=4358"},{"taxonomy":"post_tag","embeddable":true,"href":"https:\/\/www.bernhardschloss.de\/blog\/wp-json\/wp\/v2\/tags?post=4358"}],"curies":[{"name":"wp","href":"https:\/\/api.w.org\/{rel}","templated":true}]}}