{"id":4274,"date":"2020-05-27T20:17:05","date_gmt":"2020-05-27T18:17:05","guid":{"rendered":"http:\/\/www.bernhardschloss.de\/blog\/?p=4274"},"modified":"2020-05-27T21:39:49","modified_gmt":"2020-05-27T19:39:49","slug":"falsche-selbstverstaendlichkeiten-in-projekten","status":"publish","type":"post","link":"https:\/\/www.bernhardschloss.de\/blog\/falsche-selbstverstaendlichkeiten-in-projekten\/","title":{"rendered":"(Falsche) Selbstverst\u00e4ndlichkeiten in Projekten"},"content":{"rendered":"\n<figure class=\"wp-block-image size-large\"><img decoding=\"async\" src=\"https:\/\/lh3.googleusercontent.com\/zQHk1h3aDtnZpU14iI6qjvvKYCxPXbQVpUc5-QYFecSXUhtZvKTUeWrdbxX5iuRZ76lCPVXmuwflsT_LobykhVOD6mazw3oN3AxO4D2nkOqUyDIDfiO8MvsTpaI4mAndcV3wfAVkQMIqratNGhtYcxn14KPOaVTGEeQxgIniAcyQe78oNC3aGCV6TSLwECyvtADVcCwdVNXzC_BWOt7B6xjS6rreBQuU7evf3hU8F1WXpsOx5JXyAyCbYv4Eg7I8oExX141Xk63RGGkNi3vbMqg22mmwNbW7J4iet7mM_wcOmKeMzhd8mxO34RF0aNmN1bSnWaBMduydn2ifSxj943m4tpR2kk19XdnZVX_EFyOTL4Gd8-tbtiSLs4gCmzzkOq--tcKFvFeqh3b6B92S_LVDDLexN3Nsy33r032MTI6nLJuldjc_E5ri14o2wROQIWiTpfke_t_FdXkIelsYOCkthLNx6TPh6xzUP0z2P4mLeb7glbyqV34Njfmk1N0rIJZj92lZoWVvMuIz2beZb704a2iHa2-5Kw8ib39SyHnYWeP5ZY-Qu-i0QEHnKumyP4lZoixOTFwXLgP6IatiIpR72-424FdAHistmmU3KHXn8VnVddW9inGhS1nbrsw_lmz07_1k-426xVFmcPSQozwryFsfolemNYKYZohi6GlZ8NpqpI_RkPVix1vSAQ=w100-h120-no?authuser=0\" alt=\"\"\/><\/figure>\n\n\n\n<p class=\"wp-block-paragraph\">Heute neu im Projektmagazin: <a rel=\"noreferrer noopener\" href=\"https:\/\/www.projektmagazin.de\/artikel\/fehler-und-falsche-einschaetzungen-projektmanagement\" target=\"_blank\">So vermeiden Sie Fehler und falsche Einsch\u00e4tzungen in der Projektarbeit<\/a>. Nach langer, langer Zeit wieder einmal ein Beitrag f\u00fcr das <a rel=\"noreferrer noopener\" href=\"https:\/\/www.projektmagazin.de\/\" target=\"_blank\">Projektmagazin <\/a>aus meiner Feder.<\/p>\n\n\n\n<p class=\"wp-block-paragraph\">Es geht um (falsche) Selbstverst\u00e4ndlichkeiten und wie sie entstehen, aber vor allem geht es darum Strategien dagegen zu entwickeln, damit wir eine Resilienz entwickeln. Hierzu brauchen wir verschiedene Bausteine, die im Artikel alle erl\u00e4utert werden:<\/p>\n\n\n\n<figure class=\"wp-block-image size-large is-resized\"><img decoding=\"async\" src=\"https:\/\/lh3.googleusercontent.com\/VSD2H8dDDJ85aSyOAZfakoSk5S164JfxXUSDiPya3hy5mVsUy497FM7R22BErrgqPQMiPGGzxQWHG2wB4qteRwTfI4NOCrECeYyjwMQhxIeQtxEAGBxoCownaDBZwSSjg6BzPp297GGiNNU28YhDSOkxf6lEghsq0g36mWpCjlPGVDFQNI5_DyuG831DFeAe2F-QsNZflg68PFFdsgddlMR6lGQDougjUGONul5HI7xRSQdU46mEKmp1lbKDOvDmECBqE4v-ZgFLvcmoCDl_45grVsXU3QgoivlGPhiCEdbSrMuXFEq7DFwsIcSHKQFUjF8iofjKgsjJiKuEaoQELgEU7WDFr9bpqD-IdnJq9vaFBxXo21oULoNI11PUqZfjItpsGO0xZIDL3ZSbwwVsvz7KnOOW6vBU9qeZ1VLM3-wGlOm5obww6Ncb0aZny8VPrM-dLTVKkDgmunWWR3_QlTbJ7Sj6rFoLfBX2Nq9F4uGZmRCzZpLXpRhVqgkr-fSpxTduUuqqTCNLEMuHDIlNzxwcpBt4GHM5tvJjFOEhkHfq5DOr-4xa6P6sXTSdfx02-to2bA-Ulix8LV6ZlfJLtHEFQ7tu1D6aTZt4LOkEpxKKKSg8NBfZz9pD51ov1aBdHiX2E3z1Jzz8mzfBhDhOazBAsrzEHNwf2M8mnll5xSoA_TyymPpoDsQXnAK2gA=w1280-h720-no?authuser=0\" alt=\"\" width=\"500\"\/><\/figure>\n\n\n\n<p class=\"wp-block-paragraph\">Hinter dem Artikel selbst steckt \u00fcbrigens auch eine Geschichte: <\/p>\n\n\n\n<p class=\"wp-block-paragraph\">Urspr\u00fcnglich habe ich mit meinem Verleger Ralf das Thema Stakeholder f\u00fcr ein Buchprojekt diskutiert. Ralf hat mich damals &#8222;desillussioniert&#8220; mit der Feststellung, dass es zu diesem Thema (auf dem Buchmarkt) keinen Bedarf bzw. keine Nachfrage gibt. Mein Gr\u00fcbeln dar\u00fcber habe ich dann letztes Jahr mit zum <a rel=\"noreferrer noopener\" href=\"http:\/\/muenchen.pm-camp.org\/\" target=\"_blank\">PMCamp M\u00fcnchen<\/a> genommen und da die <a rel=\"noreferrer noopener\" href=\"https:\/\/www.openpm.info\/x\/fIC_B\" target=\"_blank\">Frage nach (falschen) Selbstverst\u00e4ndlichkeiten<\/a> auf den Tisch gebracht (Sessiondoku auf openPM). Lisa vom Projektmagazin war eine der Teilnehmerinnen der Session und hat mich sp\u00e4ter angeregt, das Thema zu einem Artikel weiter zu entwickeln. Und hier ist er&#8230;<\/p>\n\n\n\n<p class=\"wp-block-paragraph\">Anekdote am Rande: Auch der <a href=\"https:\/\/www.projektmagazin.de\/artikel\/liberating-structures-workshops\" target=\"_blank\" rel=\"noreferrer noopener\">zweite gro\u00dfe Beitrag<\/a> der aktuellen Ausgabe hat einen Bezug zum PMCamp M\u00fcnchen, denn auch dort war <a href=\"https:\/\/dimjon.com\/\" target=\"_blank\" rel=\"noreferrer noopener\">Michael<\/a> mit einem Beitrag zu <a href=\"https:\/\/www.liberatingstructures.de\/\" target=\"_blank\" rel=\"noreferrer noopener\">Liberating Structures<\/a> vertreten.<\/p>\n<div class=\"twoclick_social_bookmarks_post_4274 social_share_privacy clearfix 1.6.4 locale-de_DE sprite-de_DE\"><\/div><div class=\"twoclick-js\"><script type=\"text\/javascript\">\/* <![CDATA[ *\/\njQuery(document).ready(function($){if($('.twoclick_social_bookmarks_post_4274')){$('.twoclick_social_bookmarks_post_4274').socialSharePrivacy({\"services\":{\"facebook\":{\"status\":\"on\",\"txt_info\":\"\",\"perma_option\":\"off\",\"action\":\"recommend\",\"language\":\"de_DE\"},\"twitter\":{\"reply_to\":\"schlossblog\",\"tweet_text\":\"%28Falsche%29%20Selbstverst%C3%A4ndlichkeiten%20in%20Projekten%20%C2%BB%20schlossBlog\",\"status\":\"on\",\"txt_info\":\"\",\"perma_option\":\"off\",\"language\":\"de\",\"referrer_track\":\"\"},\"xing\":{\"status\":\"on\",\"txt_info\":\"\",\"perma_option\":\"off\",\"language\":\"de\",\"referrer_track\":\"\"},\"t3n\":{\"status\":\"on\",\"txt_info\":\"2 Klicks f\\u00fcr mehr Datenschutz: Erst wenn Sie hier klicken, wird der Button aktiv und Sie k\\u00f6nnen Ihre Empfehlung an t3n senden. Schon beim Aktivieren werden Daten an Dritte \\u00fcbertragen - siehe <em>i<\\\/em>.\",\"perma_option\":\"off\"},\"linkedin\":{\"status\":\"on\",\"txt_info\":\"2 Klicks f\\u00fcr mehr Datenschutz: Erst wenn Sie hier klicken, wird der Button aktiv und Sie k\\u00f6nnen Ihre Empfehlung an LinkedIn senden. Schon beim Aktivieren werden Daten an Dritte \\u00fcbertragen - siehe <em>i<\\\/em>.\",\"perma_option\":\"off\"}},\"txt_help\":\"\",\"settings_perma\":\"\",\"info_link\":\"\",\"uri\":\"https:\\\/\\\/www.bernhardschloss.de\\\/blog\\\/falsche-selbstverstaendlichkeiten-in-projekten\\\/\",\"post_id\":4274,\"post_title_referrer_track\":\"%28Falsche%29+Selbstverst%C3%A4ndlichkeiten+in+Projekten\",\"display_infobox\":\"on\"});}});\n\/* ]]> *\/<\/script><\/div>","protected":false},"excerpt":{"rendered":"<p>Heute neu im Projektmagazin: So vermeiden Sie Fehler und falsche Einsch\u00e4tzungen in der Projektarbeit. Nach langer, langer Zeit wieder einmal ein Beitrag f\u00fcr das Projektmagazin aus meiner Feder. Es geht um (falsche) Selbstverst\u00e4ndlichkeiten und wie sie entstehen, aber vor allem geht es darum Strategien dagegen zu entwickeln, damit wir eine Resilienz entwickeln. Hierzu brauchen wir [&hellip;]<\/p>\n","protected":false},"author":4,"featured_media":0,"comment_status":"open","ping_status":"open","sticky":false,"template":"","format":"standard","meta":{"_crdt_document":"","footnotes":""},"categories":[8],"tags":[800,625,49,798,799,285],"class_list":["post-4274","post","type-post","status-publish","format-standard","hentry","category-projektmanagement","tag-blinde-flecken","tag-empathie","tag-komplexitat","tag-langsames-denken","tag-methodenkompetenz","tag-projektmagazin"],"_links":{"self":[{"href":"https:\/\/www.bernhardschloss.de\/blog\/wp-json\/wp\/v2\/posts\/4274","targetHints":{"allow":["GET"]}}],"collection":[{"href":"https:\/\/www.bernhardschloss.de\/blog\/wp-json\/wp\/v2\/posts"}],"about":[{"href":"https:\/\/www.bernhardschloss.de\/blog\/wp-json\/wp\/v2\/types\/post"}],"author":[{"embeddable":true,"href":"https:\/\/www.bernhardschloss.de\/blog\/wp-json\/wp\/v2\/users\/4"}],"replies":[{"embeddable":true,"href":"https:\/\/www.bernhardschloss.de\/blog\/wp-json\/wp\/v2\/comments?post=4274"}],"version-history":[{"count":5,"href":"https:\/\/www.bernhardschloss.de\/blog\/wp-json\/wp\/v2\/posts\/4274\/revisions"}],"predecessor-version":[{"id":4279,"href":"https:\/\/www.bernhardschloss.de\/blog\/wp-json\/wp\/v2\/posts\/4274\/revisions\/4279"}],"wp:attachment":[{"href":"https:\/\/www.bernhardschloss.de\/blog\/wp-json\/wp\/v2\/media?parent=4274"}],"wp:term":[{"taxonomy":"category","embeddable":true,"href":"https:\/\/www.bernhardschloss.de\/blog\/wp-json\/wp\/v2\/categories?post=4274"},{"taxonomy":"post_tag","embeddable":true,"href":"https:\/\/www.bernhardschloss.de\/blog\/wp-json\/wp\/v2\/tags?post=4274"}],"curies":[{"name":"wp","href":"https:\/\/api.w.org\/{rel}","templated":true}]}}