{"id":391,"date":"2009-03-20T12:34:22","date_gmt":"2009-03-20T10:34:22","guid":{"rendered":"http:\/\/www.bernhardschloss.de\/blog\/?p=391"},"modified":"2009-03-20T12:34:22","modified_gmt":"2009-03-20T10:34:22","slug":"155-pm-checklisten","status":"publish","type":"post","link":"https:\/\/www.bernhardschloss.de\/blog\/155-pm-checklisten\/","title":{"rendered":"#155 PM-Checklisten"},"content":{"rendered":"<p>Eberhard Huber von <a title=\"projektBLOG\" href=\"http:\/\/www.pentaeder.de\/\" target=\"_blank\">projekt(B)LOG<\/a> hat j\u00fcngst einige <a title=\"projektBLOG: PM-Checklisten\" href=\"http:\/\/www.pentaeder.de\/projekte\/2009\/03\/20\/zusammenfassung-projektmanagement-checklisten\/\" target=\"_blank\">Checklisten f\u00fcr das Projektmanagement<\/a> zusammengestellt, die er jetzt noch einmal \u00fcberlicksm\u00e4\u00dfig zusammenfasst und deren m\u00f6gliche Verwendung mittels eines Mindmap visualisiert.<\/p>\n<div class=\"twoclick_social_bookmarks_post_391 social_share_privacy clearfix 1.6.4 locale-de_DE sprite-de_DE\"><\/div><div class=\"twoclick-js\"><script type=\"text\/javascript\">\/* <![CDATA[ *\/\njQuery(document).ready(function($){if($('.twoclick_social_bookmarks_post_391')){$('.twoclick_social_bookmarks_post_391').socialSharePrivacy({\"services\":{\"facebook\":{\"status\":\"on\",\"txt_info\":\"\",\"perma_option\":\"off\",\"action\":\"recommend\",\"language\":\"de_DE\"},\"twitter\":{\"reply_to\":\"schlossblog\",\"tweet_text\":\"%23155%20PM-Checklisten%20%C2%BB%20schlossBlog\",\"status\":\"on\",\"txt_info\":\"\",\"perma_option\":\"off\",\"language\":\"de\",\"referrer_track\":\"\"},\"xing\":{\"status\":\"on\",\"txt_info\":\"\",\"perma_option\":\"off\",\"language\":\"de\",\"referrer_track\":\"\"},\"t3n\":{\"status\":\"on\",\"txt_info\":\"2 Klicks f\\u00fcr mehr Datenschutz: Erst wenn Sie hier klicken, wird der Button aktiv und Sie k\\u00f6nnen Ihre Empfehlung an t3n senden. Schon beim Aktivieren werden Daten an Dritte \\u00fcbertragen - siehe <em>i<\\\/em>.\",\"perma_option\":\"off\"},\"linkedin\":{\"status\":\"on\",\"txt_info\":\"2 Klicks f\\u00fcr mehr Datenschutz: Erst wenn Sie hier klicken, wird der Button aktiv und Sie k\\u00f6nnen Ihre Empfehlung an LinkedIn senden. Schon beim Aktivieren werden Daten an Dritte \\u00fcbertragen - siehe <em>i<\\\/em>.\",\"perma_option\":\"off\"}},\"txt_help\":\"\",\"settings_perma\":\"\",\"info_link\":\"\",\"uri\":\"https:\\\/\\\/www.bernhardschloss.de\\\/blog\\\/155-pm-checklisten\\\/\",\"post_id\":391,\"post_title_referrer_track\":\"%23155+PM-Checklisten\",\"display_infobox\":\"on\"});}});\n\/* ]]> *\/<\/script><\/div>","protected":false},"excerpt":{"rendered":"<p>Eberhard Huber von projekt(B)LOG hat j\u00fcngst einige Checklisten f\u00fcr das Projektmanagement zusammengestellt, die er jetzt noch einmal \u00fcberlicksm\u00e4\u00dfig zusammenfasst und deren m\u00f6gliche Verwendung mittels eines Mindmap visualisiert.<\/p>\n","protected":false},"author":4,"featured_media":0,"comment_status":"open","ping_status":"open","sticky":false,"template":"","format":"standard","meta":{"_crdt_document":"","footnotes":""},"categories":[1,8],"tags":[],"class_list":["post-391","post","type-post","status-publish","format-standard","hentry","category-allgemein","category-projektmanagement"],"_links":{"self":[{"href":"https:\/\/www.bernhardschloss.de\/blog\/wp-json\/wp\/v2\/posts\/391","targetHints":{"allow":["GET"]}}],"collection":[{"href":"https:\/\/www.bernhardschloss.de\/blog\/wp-json\/wp\/v2\/posts"}],"about":[{"href":"https:\/\/www.bernhardschloss.de\/blog\/wp-json\/wp\/v2\/types\/post"}],"author":[{"embeddable":true,"href":"https:\/\/www.bernhardschloss.de\/blog\/wp-json\/wp\/v2\/users\/4"}],"replies":[{"embeddable":true,"href":"https:\/\/www.bernhardschloss.de\/blog\/wp-json\/wp\/v2\/comments?post=391"}],"version-history":[{"count":2,"href":"https:\/\/www.bernhardschloss.de\/blog\/wp-json\/wp\/v2\/posts\/391\/revisions"}],"predecessor-version":[{"id":393,"href":"https:\/\/www.bernhardschloss.de\/blog\/wp-json\/wp\/v2\/posts\/391\/revisions\/393"}],"wp:attachment":[{"href":"https:\/\/www.bernhardschloss.de\/blog\/wp-json\/wp\/v2\/media?parent=391"}],"wp:term":[{"taxonomy":"category","embeddable":true,"href":"https:\/\/www.bernhardschloss.de\/blog\/wp-json\/wp\/v2\/categories?post=391"},{"taxonomy":"post_tag","embeddable":true,"href":"https:\/\/www.bernhardschloss.de\/blog\/wp-json\/wp\/v2\/tags?post=391"}],"curies":[{"name":"wp","href":"https:\/\/api.w.org\/{rel}","templated":true}]}}