{"id":3203,"date":"2016-06-26T14:13:23","date_gmt":"2016-06-26T12:13:23","guid":{"rendered":"http:\/\/www.bernhardschloss.de\/blog\/?p=3203"},"modified":"2016-09-07T13:53:29","modified_gmt":"2016-09-07T11:53:29","slug":"678-bericht-vom-startup-barcamp-ingolstadt","status":"publish","type":"post","link":"https:\/\/www.bernhardschloss.de\/blog\/678-bericht-vom-startup-barcamp-ingolstadt\/","title":{"rendered":"#678 Bericht vom StartUp Barcamp Ingolstadt"},"content":{"rendered":"<p><img decoding=\"async\" src=\"https:\/\/lh3.googleusercontent.com\/usfcGDravckJIQdVhC3pDTDBibdxGXNcjL6WEkgl9GDS5Qmy-SK-MUsVeEgGGCZogleALgHzs53AgFM8_V0acrnN5jt3T_RSHv7vbMV_Xuo1S0np6nL75NvCfh1fzlvrPPBKBH6b1ZcbM2mAGe3SNcJJ8Rvaj2agLKgM3yY4LwQkKHSsjb2p0fwX3VAplBPlOMUnSZXhR92x6SNSnS-9zAHXRqUTwn3BXuhTM7LsOfGAOB97dj1nMLhbCDSUJF0GQYpqXfzvrITK7_cxfUfwyCCynJshOjpDsJRujUKroaPQFM8uHkbme1a3n20nijCZFKlivVzyBo5Sw9pMN8R63brgTJkmQ5thefcNs0PBlLAnDqsBA5dq-ybh-mARbzrVBz9pM7FKpQmsRzPQW3PrN7_l8I1pL6GDjKB6_IQh6vnnqD6rCn9rIeIz93qiosqqRafF-EzCLLHobQkbuIHukk9eRd0dBK7NdO8Ha6ZgrFRJHXkyI8YcCKbWnK8z8MjUWkL00VtB0d1bj4SelTreWwuQaa7Zkmk4c_-jAPpzrYsTllOKwfLN1hIeWpDnDEdtAZ7lRW4qpj5FROjN9vj2TvogYtJNQKA=w279-h87-no\" alt=\"\" width=\"200\" \/>Schon wieder eine Woche her, dass in Ingolstadt ein StarUp-Barcamp erfolgreich stattfand.<\/p>\n<p>Um Hannes Schleeh vom <a href=\"http:\/\/www.egz.de\" target=\"_blank\">Gr\u00fcnderzentrum Ingolstadt<\/a> hatten sich eine ganze Reihe Interessierte eingefunden, teils alte Barcamp-Hasen, teils Newbies, Gr\u00fcnder, Berater, Unternehmer,&#8230;<br \/>\nSpannende zwei Tage mit vielen Diskussionen, Erfahrungsberichten und jeder Menge Networking. Zum Teil auch voller Widerspr\u00fcche: Wollte Hannes den Teilnehmern wertvollen Input f\u00fcr ein Digitales Gr\u00fcnderzentrum in Ingolstadt entlocken, erkl\u00e4rte auf der anderen Seite Markus Fichtner (CEO des Automobilzulieferers BFFT mit ca. 800 Mitarbeitern), warum sein Unternehmen eine Abteilung mit Softwareentwicklern nicht in der Region, sondern in Regensburg aufgemacht hat.<br \/>\nTeilweise wurden Gesch\u00e4ftsideen vorgestellt und diskutiert, sei es vom Fotostudio bis hin zum Immobiliensektor. Das eine oder andere Gespr\u00e4ch setzt sich auch l\u00e4ngst \u00fcber das Ende der Veranstaltung hinaus fort. Somit ein voller Erfolg, der n\u00e4chstes Jahr wiederholt werden soll.<br \/>\nImmer wieder tauchte das Schlagwort Social Media auf, der Business Model Canvas wurde nicht nur in meiner Session aufgegriffen (wie h\u00e4tte es auch anders sein k\u00f6nnen), sondern war quasi der unbestrittene Ma\u00dfstab f\u00fcr die vorgestellten Gr\u00fcndungsideen. Es ging um den richtigen Auftritt, aber auch um Themen wie Unternehmenssicherheit. Den vielen Newbies geschuldet, blieb es auf Twitter vergleichsweise ruhig. Ein Schmankerl ist aber die Sketchnote der Webk\u00f6nign zur Session von Markus Fichtner:<\/p>\n<blockquote class=\"twitter-tweet\" data-lang=\"de\">\n<p dir=\"ltr\" lang=\"de\">Coole session zur <a href=\"https:\/\/twitter.com\/hashtag\/entrepreneurship?src=hash\">#entrepreneurship<\/a> mit <a href=\"https:\/\/twitter.com\/hashtag\/bfft?src=hash\">#bfft<\/a> ceo <a href=\"https:\/\/twitter.com\/hashtag\/markusfichtner?src=hash\">#markusfichtner<\/a> beim <a href=\"https:\/\/twitter.com\/hashtag\/subc16?src=hash\">#subc16<\/a> <a href=\"https:\/\/twitter.com\/hashtag\/ingolstadt?src=hash\">#ingolstadt<\/a> <a href=\"https:\/\/t.co\/Nvoxa9SD6D\">pic.twitter.com\/Nvoxa9SD6D<\/a><\/p>\n<p>\u2014 Webkoenigin (@Webkoenigin) <a href=\"https:\/\/twitter.com\/Webkoenigin\/status\/744108622863544320\">18. Juni 2016<\/a><\/p><\/blockquote>\n<p><script src=\"\/\/platform.twitter.com\/widgets.js\" async=\"\" charset=\"utf-8\"><\/script><br \/>\nEin herzliches Dankesch\u00f6n noch an Hannes und sein tolles Team! Ihr seid hervorragende Gastgeber!<\/p>\n<p>Und als Nachtrag noch das Trailer-Video:<br \/>\n<iframe loading=\"lazy\" width=\"500\" height=\"281\" src=\"https:\/\/www.youtube.com\/embed\/nxt-_niMTGM\" frameborder=\"0\" allowfullscreen><\/iframe><\/p>\n<div class=\"twoclick_social_bookmarks_post_3203 social_share_privacy clearfix 1.6.4 locale-de_DE sprite-de_DE\"><\/div><div class=\"twoclick-js\"><script type=\"text\/javascript\">\/* <![CDATA[ *\/\njQuery(document).ready(function($){if($('.twoclick_social_bookmarks_post_3203')){$('.twoclick_social_bookmarks_post_3203').socialSharePrivacy({\"services\":{\"facebook\":{\"status\":\"on\",\"txt_info\":\"\",\"perma_option\":\"off\",\"action\":\"recommend\",\"language\":\"de_DE\"},\"twitter\":{\"reply_to\":\"schlossblog\",\"tweet_text\":\"%23678%20Bericht%20vom%20StartUp%20Barcamp%20Ingolstadt%20%C2%BB%20schlossBlog\",\"status\":\"on\",\"txt_info\":\"\",\"perma_option\":\"off\",\"language\":\"de\",\"referrer_track\":\"\"},\"xing\":{\"status\":\"on\",\"txt_info\":\"\",\"perma_option\":\"off\",\"language\":\"de\",\"referrer_track\":\"\"},\"t3n\":{\"status\":\"on\",\"txt_info\":\"2 Klicks f\\u00fcr mehr Datenschutz: Erst wenn Sie hier klicken, wird der Button aktiv und Sie k\\u00f6nnen Ihre Empfehlung an t3n senden. Schon beim Aktivieren werden Daten an Dritte \\u00fcbertragen - siehe <em>i<\\\/em>.\",\"perma_option\":\"off\"},\"linkedin\":{\"status\":\"on\",\"txt_info\":\"2 Klicks f\\u00fcr mehr Datenschutz: Erst wenn Sie hier klicken, wird der Button aktiv und Sie k\\u00f6nnen Ihre Empfehlung an LinkedIn senden. Schon beim Aktivieren werden Daten an Dritte \\u00fcbertragen - siehe <em>i<\\\/em>.\",\"perma_option\":\"off\"}},\"txt_help\":\"\",\"settings_perma\":\"\",\"info_link\":\"\",\"uri\":\"https:\\\/\\\/www.bernhardschloss.de\\\/blog\\\/678-bericht-vom-startup-barcamp-ingolstadt\\\/\",\"post_id\":3203,\"post_title_referrer_track\":\"%23678+Bericht+vom+StartUp+Barcamp+Ingolstadt\",\"display_infobox\":\"on\"});}});\n\/* ]]> *\/<\/script><\/div>","protected":false},"excerpt":{"rendered":"<p>Schon wieder eine Woche her, dass in Ingolstadt ein StarUp-Barcamp erfolgreich stattfand. Um Hannes Schleeh vom Gr\u00fcnderzentrum Ingolstadt hatten sich eine ganze Reihe Interessierte eingefunden, teils alte Barcamp-Hasen, teils Newbies, Gr\u00fcnder, Berater, Unternehmer,&#8230; Spannende zwei Tage mit vielen Diskussionen, Erfahrungsberichten und jeder Menge Networking. Zum Teil auch voller Widerspr\u00fcche: Wollte Hannes den Teilnehmern wertvollen Input [&hellip;]<\/p>\n","protected":false},"author":4,"featured_media":0,"comment_status":"open","ping_status":"open","sticky":false,"template":"","format":"standard","meta":{"_crdt_document":"","footnotes":""},"categories":[1],"tags":[329,581,582,580],"class_list":["post-3203","post","type-post","status-publish","format-standard","hentry","category-allgemein","tag-barcamp","tag-gruendung","tag-ingolstadt","tag-startup"],"_links":{"self":[{"href":"https:\/\/www.bernhardschloss.de\/blog\/wp-json\/wp\/v2\/posts\/3203","targetHints":{"allow":["GET"]}}],"collection":[{"href":"https:\/\/www.bernhardschloss.de\/blog\/wp-json\/wp\/v2\/posts"}],"about":[{"href":"https:\/\/www.bernhardschloss.de\/blog\/wp-json\/wp\/v2\/types\/post"}],"author":[{"embeddable":true,"href":"https:\/\/www.bernhardschloss.de\/blog\/wp-json\/wp\/v2\/users\/4"}],"replies":[{"embeddable":true,"href":"https:\/\/www.bernhardschloss.de\/blog\/wp-json\/wp\/v2\/comments?post=3203"}],"version-history":[{"count":15,"href":"https:\/\/www.bernhardschloss.de\/blog\/wp-json\/wp\/v2\/posts\/3203\/revisions"}],"predecessor-version":[{"id":3231,"href":"https:\/\/www.bernhardschloss.de\/blog\/wp-json\/wp\/v2\/posts\/3203\/revisions\/3231"}],"wp:attachment":[{"href":"https:\/\/www.bernhardschloss.de\/blog\/wp-json\/wp\/v2\/media?parent=3203"}],"wp:term":[{"taxonomy":"category","embeddable":true,"href":"https:\/\/www.bernhardschloss.de\/blog\/wp-json\/wp\/v2\/categories?post=3203"},{"taxonomy":"post_tag","embeddable":true,"href":"https:\/\/www.bernhardschloss.de\/blog\/wp-json\/wp\/v2\/tags?post=3203"}],"curies":[{"name":"wp","href":"https:\/\/api.w.org\/{rel}","templated":true}]}}