{"id":2783,"date":"2014-08-25T15:29:24","date_gmt":"2014-08-25T13:29:24","guid":{"rendered":"http:\/\/www.bernhardschloss.de\/blog\/?p=2783"},"modified":"2014-08-25T15:29:24","modified_gmt":"2014-08-25T13:29:24","slug":"615-socialmedia-und-die-gesellschaft","status":"publish","type":"post","link":"https:\/\/www.bernhardschloss.de\/blog\/615-socialmedia-und-die-gesellschaft\/","title":{"rendered":"#615 SocialMedia und die Gesellschaft"},"content":{"rendered":"<p>Bin beim Aufr\u00e4umen gerade \u00fcber einen Text von Wolf Lotter aus der Brandeins 04\/2014 (S. 67) gestolpert in dem er die weit verbreitete Kritik an der sch\u00f6nen neunen SocialMedia-Welt zurecht r\u00fcckt:<\/p>\n<blockquote><p>[&#8230;] das ist alles albern. Facebook mit seinen &#8222;Freunden&#8220; und seiner simplen &#8222;Like-Dislike&#8220;-Kultur spiegelt nur die Wirklichkeit wider: Man emp\u00f6rt sich \u00a0und erfreut sich fl\u00fcchtig, alles geht schnell vorbei. Mark Zuckerberg und seine Truppe kopierten vor einem Jahrzehnt nur das, was l\u00e4ngst Realit\u00e4t geworden war: reden statt handeln. das folgt einem weiteren Missverst\u00e4ndnis der Ablenkungsgesellschaft: dass alles gut wird, wenn man sich nur ausspricht. Doch das ist falsch. Besser wird es nur, wenn man sich ausspricht und dann das Problem ernsthaft anpackt. Das ist etwas anderes.&#8220;<\/p><\/blockquote>\n<div class=\"twoclick_social_bookmarks_post_2783 social_share_privacy clearfix 1.6.4 locale-de_DE sprite-de_DE\"><\/div><div class=\"twoclick-js\"><script type=\"text\/javascript\">\/* <![CDATA[ *\/\njQuery(document).ready(function($){if($('.twoclick_social_bookmarks_post_2783')){$('.twoclick_social_bookmarks_post_2783').socialSharePrivacy({\"services\":{\"facebook\":{\"status\":\"on\",\"txt_info\":\"\",\"perma_option\":\"off\",\"action\":\"recommend\",\"language\":\"de_DE\"},\"twitter\":{\"reply_to\":\"schlossblog\",\"tweet_text\":\"%23615%20SocialMedia%20und%20die%20Gesellschaft%20%C2%BB%20schlossBlog\",\"status\":\"on\",\"txt_info\":\"\",\"perma_option\":\"off\",\"language\":\"de\",\"referrer_track\":\"\"},\"xing\":{\"status\":\"on\",\"txt_info\":\"\",\"perma_option\":\"off\",\"language\":\"de\",\"referrer_track\":\"\"},\"t3n\":{\"status\":\"on\",\"txt_info\":\"2 Klicks f\\u00fcr mehr Datenschutz: Erst wenn Sie hier klicken, wird der Button aktiv und Sie k\\u00f6nnen Ihre Empfehlung an t3n senden. Schon beim Aktivieren werden Daten an Dritte \\u00fcbertragen - siehe <em>i<\\\/em>.\",\"perma_option\":\"off\"},\"linkedin\":{\"status\":\"on\",\"txt_info\":\"2 Klicks f\\u00fcr mehr Datenschutz: Erst wenn Sie hier klicken, wird der Button aktiv und Sie k\\u00f6nnen Ihre Empfehlung an LinkedIn senden. Schon beim Aktivieren werden Daten an Dritte \\u00fcbertragen - siehe <em>i<\\\/em>.\",\"perma_option\":\"off\"}},\"txt_help\":\"\",\"settings_perma\":\"\",\"info_link\":\"\",\"uri\":\"https:\\\/\\\/www.bernhardschloss.de\\\/blog\\\/615-socialmedia-und-die-gesellschaft\\\/\",\"post_id\":2783,\"post_title_referrer_track\":\"%23615+SocialMedia+und+die+Gesellschaft\",\"display_infobox\":\"on\"});}});\n\/* ]]> *\/<\/script><\/div>","protected":false},"excerpt":{"rendered":"<p>Bin beim Aufr\u00e4umen gerade \u00fcber einen Text von Wolf Lotter aus der Brandeins 04\/2014 (S. 67) gestolpert in dem er die weit verbreitete Kritik an der sch\u00f6nen neunen SocialMedia-Welt zurecht r\u00fcckt: [&#8230;] das ist alles albern. Facebook mit seinen &#8222;Freunden&#8220; und seiner simplen &#8222;Like-Dislike&#8220;-Kultur spiegelt nur die Wirklichkeit wider: Man emp\u00f6rt sich \u00a0und erfreut sich [&hellip;]<\/p>\n","protected":false},"author":4,"featured_media":0,"comment_status":"open","ping_status":"open","sticky":false,"template":"","format":"standard","meta":{"_crdt_document":"","footnotes":""},"categories":[1,323],"tags":[503,502,501],"class_list":["post-2783","post","type-post","status-publish","format-standard","hentry","category-allgemein","category-web-2-0","tag-brandeins","tag-gesellschaft","tag-socialmedia"],"_links":{"self":[{"href":"https:\/\/www.bernhardschloss.de\/blog\/wp-json\/wp\/v2\/posts\/2783","targetHints":{"allow":["GET"]}}],"collection":[{"href":"https:\/\/www.bernhardschloss.de\/blog\/wp-json\/wp\/v2\/posts"}],"about":[{"href":"https:\/\/www.bernhardschloss.de\/blog\/wp-json\/wp\/v2\/types\/post"}],"author":[{"embeddable":true,"href":"https:\/\/www.bernhardschloss.de\/blog\/wp-json\/wp\/v2\/users\/4"}],"replies":[{"embeddable":true,"href":"https:\/\/www.bernhardschloss.de\/blog\/wp-json\/wp\/v2\/comments?post=2783"}],"version-history":[{"count":1,"href":"https:\/\/www.bernhardschloss.de\/blog\/wp-json\/wp\/v2\/posts\/2783\/revisions"}],"predecessor-version":[{"id":2784,"href":"https:\/\/www.bernhardschloss.de\/blog\/wp-json\/wp\/v2\/posts\/2783\/revisions\/2784"}],"wp:attachment":[{"href":"https:\/\/www.bernhardschloss.de\/blog\/wp-json\/wp\/v2\/media?parent=2783"}],"wp:term":[{"taxonomy":"category","embeddable":true,"href":"https:\/\/www.bernhardschloss.de\/blog\/wp-json\/wp\/v2\/categories?post=2783"},{"taxonomy":"post_tag","embeddable":true,"href":"https:\/\/www.bernhardschloss.de\/blog\/wp-json\/wp\/v2\/tags?post=2783"}],"curies":[{"name":"wp","href":"https:\/\/api.w.org\/{rel}","templated":true}]}}