{"id":2725,"date":"2014-06-29T10:47:38","date_gmt":"2014-06-29T08:47:38","guid":{"rendered":"http:\/\/www.bernhardschloss.de\/blog\/?p=2725"},"modified":"2014-06-29T10:47:38","modified_gmt":"2014-06-29T08:47:38","slug":"603-und-wieder-zurueck","status":"publish","type":"post","link":"https:\/\/www.bernhardschloss.de\/blog\/603-und-wieder-zurueck\/","title":{"rendered":"#603 &#8230;und wieder zur\u00fcck"},"content":{"rendered":"<p><img loading=\"lazy\" decoding=\"async\" src=\"https:\/\/lh6.googleusercontent.com\/L0n5ZCuO-gvu6bIf9zimPjcRa_TJAWNeAwljo-4qhlA=w184-h187-p-no\" alt=\"\" width=\"184\" height=\"187\" \/><\/p>\n<p>Das <a title=\"Twitter: PMCampRM\" href=\"https:\/\/twitter.com\/hashtag\/PMCampRM?src=hash\" target=\"_blank\">#PMCampRM<\/a> war halt wie immer: \u00a0Einfach genial!<\/p>\n<p>Ein &#8222;Projektarbeiter&#8220;, der\u00a0noch nicht auf einem <a title=\"PM-Camp\" href=\"http:\/\/pm-camp.org\/\" target=\"_blank\">PM-Camp<\/a> war, sollte dies unbedingt nachholen (n\u00e4chste Gelegenheit ist in <a title=\"PM-Camp M\u00fcnchen\" href=\"http:\/\/muenchen.pm-camp.org\/\" target=\"_blank\">M\u00fcnchen<\/a> Ende Juli).<\/p>\n<p>Der Kopf schwirrt noch immer und die n\u00e4chsten 2 Wochen wird auch noch einiges Nachzuarbeiten sein. Virtuell wird das Networking vom Camp gerade nachgeholt, aber das sind dann nicht nur einfach neue XING-Kontakte, sondern Menschen\/Kollegen mit denen man etwas teilt, mit denen man spontan zusammengearbeitet hat, sich gemeinsam auskotzt hat, diskutiert hat oder gemeinsam Ideen entwickelt hat.<\/p>\n<p>Mein pers\u00f6nliches Highlight war Torsten Koertings Session &#8222;Storytelling und Videoprototyping&#8220;. In 100min hat er uns nicht nur die Grundlagen erkl\u00e4rt, sondern wir haben in vier Teams gleich eigene Kurzvideos improvisiert. F\u00fcr schlossBlog entstand so auch ein kurzes Image-Video (kommt demn\u00e4chst). Ein ganz herzliches Dankesch\u00f6n an Martina, Felix und J\u00f6rg in meinem Team und nat\u00fcrlich an Torsten! Und dann haben wir sogar noch den Preis f\u00fcr das beste Video gewonnen!<\/p>\n<p>Aber es gibt nat\u00fcrlich auch stillere Highlights, z.B. wenn Marcus Ross, der uns noch \u00a0in seinem Impulsvortrag versucht hat zu erkl\u00e4ren wie Entwickler ticken, nach 2 Tagen mitteilt, dass er uns jetzt besser versteht und das PMs wohl auch Menschen sind! Oder als Paul Hilmer mit dem ich in der Design Thinking Session schon diskutiert hatte am Rande der Gamification Session auf mich zukam mit der Frage, ob man Canvas nicht auch plastisch mit Lego machen kann und wir ad hoc ein kleines Brainstorming eingelegt\u00a0haben. Oder das Vier-Augen-Bargespr\u00e4ch mit Frank Blome \u00fcber MS Project und Merlin, mit einem Ausblick darauf, was Merlin alles in Arbeit hat.<\/p>\n<p>Die Gamification-Session war v\u00f6llig &#8222;unspektakul\u00e4r&#8220;, ganz ruhig, aber ein sehr konzentrierter Austausch bei dem ich mir sicher bin, dass er auf <a title=\"openPM\" href=\"https:\/\/www.openpm.info\/\" target=\"_blank\">openPM<\/a> noch ein intensives Leben nach dem Ende dieses PM-Camps entwickeln wird.<\/p>\n<p>Alexander Mereien hat mit seinen Beitr\u00e4gen einen Schwerpunkt des Camps auf Projektkommunikation gesetzt, Marion K\u00e4stner mit ihrem Klassiker PM\u00b4s bewegt und Marco Franz, unser Skipper, hat kraftvolle Bilder und Impulse gegeben.<\/p>\n<p>Ich bitte um Nachsicht f\u00fcr alles Sessions, die ich jetzt hier nicht erw\u00e4hnt habe. <a title=\"openPM: Sessiondoku PM-CampRM 2014\" href=\"https:\/\/www.openpm.info\/x\/tIDPAQ\" target=\"_blank\">Die Session-Doku entsteht gerade hier auf openPM<\/a>. Meine Design-Thinking-Session werde ich auch hier in einer eigenen kleinen Serie aufbereiten (eigentlich hatte ich die Serie schon vor dem Camp vorbereitet und das Camp erstmal als Testlauf f\u00fcr meine Ideen genutzt).<\/p>\n<p>Ein ganz herzliches Dankesch\u00f6n allen Teilgebern, dem gro\u00dfartigen Orga-Team und den Sponsoren!<\/p>\n<p>(@Mikko Mannila: Gut, dass du nicht mitansehen musstest, wie Banausen deine <a title=\"Stattys\" href=\"https:\/\/www.openpm.info\/x\/tIDPAQ\" target=\"_blank\">Stattys<\/a> mit Stecknadeln maltr\u00e4tiert haben. Falk Schmidt hat uns noch inst\u00e4ndigst gebeten das nicht zu tun und wenn das bitte wenigstens nicht zu fotografieren&#8230;)<\/p>\n<div class=\"twoclick_social_bookmarks_post_2725 social_share_privacy clearfix 1.6.4 locale-de_DE sprite-de_DE\"><\/div><div class=\"twoclick-js\"><script type=\"text\/javascript\">\/* <![CDATA[ *\/\njQuery(document).ready(function($){if($('.twoclick_social_bookmarks_post_2725')){$('.twoclick_social_bookmarks_post_2725').socialSharePrivacy({\"services\":{\"facebook\":{\"status\":\"on\",\"txt_info\":\"\",\"perma_option\":\"off\",\"action\":\"recommend\",\"language\":\"de_DE\"},\"twitter\":{\"reply_to\":\"schlossblog\",\"tweet_text\":\"%23603%20%E2%80%A6und%20wieder%20zur%C3%BCck%20%C2%BB%20schlossBlog\",\"status\":\"on\",\"txt_info\":\"\",\"perma_option\":\"off\",\"language\":\"de\",\"referrer_track\":\"\"},\"xing\":{\"status\":\"on\",\"txt_info\":\"\",\"perma_option\":\"off\",\"language\":\"de\",\"referrer_track\":\"\"},\"t3n\":{\"status\":\"on\",\"txt_info\":\"2 Klicks f\\u00fcr mehr Datenschutz: Erst wenn Sie hier klicken, wird der Button aktiv und Sie k\\u00f6nnen Ihre Empfehlung an t3n senden. Schon beim Aktivieren werden Daten an Dritte \\u00fcbertragen - siehe <em>i<\\\/em>.\",\"perma_option\":\"off\"},\"linkedin\":{\"status\":\"on\",\"txt_info\":\"2 Klicks f\\u00fcr mehr Datenschutz: Erst wenn Sie hier klicken, wird der Button aktiv und Sie k\\u00f6nnen Ihre Empfehlung an LinkedIn senden. Schon beim Aktivieren werden Daten an Dritte \\u00fcbertragen - siehe <em>i<\\\/em>.\",\"perma_option\":\"off\"}},\"txt_help\":\"\",\"settings_perma\":\"\",\"info_link\":\"\",\"uri\":\"https:\\\/\\\/www.bernhardschloss.de\\\/blog\\\/603-und-wieder-zurueck\\\/\",\"post_id\":2725,\"post_title_referrer_track\":\"%23603+%26%238230%3Bund+wieder+zur%C3%BCck\",\"display_infobox\":\"on\"});}});\n\/* ]]> *\/<\/script><\/div>","protected":false},"excerpt":{"rendered":"<p>Das #PMCampRM war halt wie immer: \u00a0Einfach genial! Ein &#8222;Projektarbeiter&#8220;, der\u00a0noch nicht auf einem PM-Camp war, sollte dies unbedingt nachholen (n\u00e4chste Gelegenheit ist in M\u00fcnchen Ende Juli). Der Kopf schwirrt noch immer und die n\u00e4chsten 2 Wochen wird auch noch einiges Nachzuarbeiten sein. Virtuell wird das Networking vom Camp gerade nachgeholt, aber das sind dann [&hellip;]<\/p>\n","protected":false},"author":4,"featured_media":0,"comment_status":"open","ping_status":"open","sticky":false,"template":"","format":"standard","meta":{"_crdt_document":"","footnotes":""},"categories":[8],"tags":[318,453],"class_list":["post-2725","post","type-post","status-publish","format-standard","hentry","category-projektmanagement","tag-pm-camp","tag-pmcamprm"],"_links":{"self":[{"href":"https:\/\/www.bernhardschloss.de\/blog\/wp-json\/wp\/v2\/posts\/2725","targetHints":{"allow":["GET"]}}],"collection":[{"href":"https:\/\/www.bernhardschloss.de\/blog\/wp-json\/wp\/v2\/posts"}],"about":[{"href":"https:\/\/www.bernhardschloss.de\/blog\/wp-json\/wp\/v2\/types\/post"}],"author":[{"embeddable":true,"href":"https:\/\/www.bernhardschloss.de\/blog\/wp-json\/wp\/v2\/users\/4"}],"replies":[{"embeddable":true,"href":"https:\/\/www.bernhardschloss.de\/blog\/wp-json\/wp\/v2\/comments?post=2725"}],"version-history":[{"count":5,"href":"https:\/\/www.bernhardschloss.de\/blog\/wp-json\/wp\/v2\/posts\/2725\/revisions"}],"predecessor-version":[{"id":2730,"href":"https:\/\/www.bernhardschloss.de\/blog\/wp-json\/wp\/v2\/posts\/2725\/revisions\/2730"}],"wp:attachment":[{"href":"https:\/\/www.bernhardschloss.de\/blog\/wp-json\/wp\/v2\/media?parent=2725"}],"wp:term":[{"taxonomy":"category","embeddable":true,"href":"https:\/\/www.bernhardschloss.de\/blog\/wp-json\/wp\/v2\/categories?post=2725"},{"taxonomy":"post_tag","embeddable":true,"href":"https:\/\/www.bernhardschloss.de\/blog\/wp-json\/wp\/v2\/tags?post=2725"}],"curies":[{"name":"wp","href":"https:\/\/api.w.org\/{rel}","templated":true}]}}