{"id":2587,"date":"2013-09-08T15:55:04","date_gmt":"2013-09-08T13:55:04","guid":{"rendered":"http:\/\/www.bernhardschloss.de\/blog\/?p=2587"},"modified":"2013-09-08T15:55:04","modified_gmt":"2013-09-08T13:55:04","slug":"in-eigener-sache-ende-der-ruhepause","status":"publish","type":"post","link":"https:\/\/www.bernhardschloss.de\/blog\/in-eigener-sache-ende-der-ruhepause\/","title":{"rendered":"In eigener Sache &#8211; Ende der Ruhepause"},"content":{"rendered":"<p>Auf schlossBlog ist es zuletzt projekt- und urlaubsbedingt etwas ruhig geworden. Das soll sich wieder \u00e4ndern:<\/p>\n<p>In der Rubrik <a title=\"schlossBlog - GELESEN\" href=\"http:\/\/schlossblog.de\/index.php?s=gelesen\" target=\"_blank\">GELESEN<\/a> steht Berta Schreckeneders &#8222;Projektf\u00fchrung f\u00fcr Profis&#8220; auf der ToDo-Liste und der zweiten Urlaubslekt\u00fcre &#8222;Antifragilit\u00e4t&#8220; von Nassim Taleb werde ich voraussichtlich eine ganze Serie widmen.<\/p>\n<p>Auch auf <a title=\"openPM\" href=\"https:\/\/openpm.info\" target=\"_blank\">openPM<\/a> m\u00f6chte ich wieder verst\u00e4rkt &#8222;angreifen&#8220;. Den <a title=\"openPM - Veranstaltungskalender\" href=\"https:\/\/openpm.info\/display\/openPM\/Veranstaltungen\" target=\"_blank\">Veranstaltungskalender<\/a> habe ich erst heute wieder aktualisiert.<\/p>\n<p>Aus terminlichen Gr\u00fcnden werde ich das <a title=\"PM-Camp Berlin\" href=\"http:\/\/berlin.pm-camp.org\/\" target=\"_blank\">PM-Camp in Berlin<\/a> (13.-15.09.; es gibt noch Karten: <a title=\"Anmeldung PM-Camp-Berlin\" href=\"http:\/\/de.amiando.com\/GXMJKDT.html\" target=\"_blank\">hier<\/a> geht es zur Anmeldung) leider auslassen, <a title=\"PM-Camp\" href=\"http:\/\/www.pm-camp.org\/wp3x\/\" target=\"_blank\">Dornbirn<\/a> im November ist aber schon fest eingeplant.<\/p>\n<div class=\"twoclick_social_bookmarks_post_2587 social_share_privacy clearfix 1.6.4 locale-de_DE sprite-de_DE\"><\/div><div class=\"twoclick-js\"><script type=\"text\/javascript\">\/* <![CDATA[ *\/\njQuery(document).ready(function($){if($('.twoclick_social_bookmarks_post_2587')){$('.twoclick_social_bookmarks_post_2587').socialSharePrivacy({\"services\":{\"facebook\":{\"status\":\"on\",\"txt_info\":\"\",\"perma_option\":\"off\",\"action\":\"recommend\",\"language\":\"de_DE\"},\"twitter\":{\"reply_to\":\"schlossblog\",\"tweet_text\":\"In%20eigener%20Sache%20%E2%80%93%20Ende%20der%20Ruhepause%20%C2%BB%20schlossBlog\",\"status\":\"on\",\"txt_info\":\"\",\"perma_option\":\"off\",\"language\":\"de\",\"referrer_track\":\"\"},\"xing\":{\"status\":\"on\",\"txt_info\":\"\",\"perma_option\":\"off\",\"language\":\"de\",\"referrer_track\":\"\"},\"t3n\":{\"status\":\"on\",\"txt_info\":\"2 Klicks f\\u00fcr mehr Datenschutz: Erst wenn Sie hier klicken, wird der Button aktiv und Sie k\\u00f6nnen Ihre Empfehlung an t3n senden. Schon beim Aktivieren werden Daten an Dritte \\u00fcbertragen - siehe <em>i<\\\/em>.\",\"perma_option\":\"off\"},\"linkedin\":{\"status\":\"on\",\"txt_info\":\"2 Klicks f\\u00fcr mehr Datenschutz: Erst wenn Sie hier klicken, wird der Button aktiv und Sie k\\u00f6nnen Ihre Empfehlung an LinkedIn senden. Schon beim Aktivieren werden Daten an Dritte \\u00fcbertragen - siehe <em>i<\\\/em>.\",\"perma_option\":\"off\"}},\"txt_help\":\"\",\"settings_perma\":\"\",\"info_link\":\"\",\"uri\":\"https:\\\/\\\/www.bernhardschloss.de\\\/blog\\\/in-eigener-sache-ende-der-ruhepause\\\/\",\"post_id\":2587,\"post_title_referrer_track\":\"In+eigener+Sache+%26%238211%3B+Ende+der+Ruhepause\",\"display_infobox\":\"on\"});}});\n\/* ]]> *\/<\/script><\/div>","protected":false},"excerpt":{"rendered":"<p>Auf schlossBlog ist es zuletzt projekt- und urlaubsbedingt etwas ruhig geworden. Das soll sich wieder \u00e4ndern: In der Rubrik GELESEN steht Berta Schreckeneders &#8222;Projektf\u00fchrung f\u00fcr Profis&#8220; auf der ToDo-Liste und der zweiten Urlaubslekt\u00fcre &#8222;Antifragilit\u00e4t&#8220; von Nassim Taleb werde ich voraussichtlich eine ganze Serie widmen. Auch auf openPM m\u00f6chte ich wieder verst\u00e4rkt &#8222;angreifen&#8220;. Den Veranstaltungskalender habe [&hellip;]<\/p>\n","protected":false},"author":4,"featured_media":0,"comment_status":"open","ping_status":"open","sticky":false,"template":"","format":"standard","meta":{"_crdt_document":"","footnotes":""},"categories":[1],"tags":[],"class_list":["post-2587","post","type-post","status-publish","format-standard","hentry","category-allgemein"],"_links":{"self":[{"href":"https:\/\/www.bernhardschloss.de\/blog\/wp-json\/wp\/v2\/posts\/2587","targetHints":{"allow":["GET"]}}],"collection":[{"href":"https:\/\/www.bernhardschloss.de\/blog\/wp-json\/wp\/v2\/posts"}],"about":[{"href":"https:\/\/www.bernhardschloss.de\/blog\/wp-json\/wp\/v2\/types\/post"}],"author":[{"embeddable":true,"href":"https:\/\/www.bernhardschloss.de\/blog\/wp-json\/wp\/v2\/users\/4"}],"replies":[{"embeddable":true,"href":"https:\/\/www.bernhardschloss.de\/blog\/wp-json\/wp\/v2\/comments?post=2587"}],"version-history":[{"count":1,"href":"https:\/\/www.bernhardschloss.de\/blog\/wp-json\/wp\/v2\/posts\/2587\/revisions"}],"predecessor-version":[{"id":2588,"href":"https:\/\/www.bernhardschloss.de\/blog\/wp-json\/wp\/v2\/posts\/2587\/revisions\/2588"}],"wp:attachment":[{"href":"https:\/\/www.bernhardschloss.de\/blog\/wp-json\/wp\/v2\/media?parent=2587"}],"wp:term":[{"taxonomy":"category","embeddable":true,"href":"https:\/\/www.bernhardschloss.de\/blog\/wp-json\/wp\/v2\/categories?post=2587"},{"taxonomy":"post_tag","embeddable":true,"href":"https:\/\/www.bernhardschloss.de\/blog\/wp-json\/wp\/v2\/tags?post=2587"}],"curies":[{"name":"wp","href":"https:\/\/api.w.org\/{rel}","templated":true}]}}