{"id":2579,"date":"2013-07-29T20:53:31","date_gmt":"2013-07-29T18:53:31","guid":{"rendered":"http:\/\/www.bernhardschloss.de\/blog\/?p=2579"},"modified":"2024-12-30T14:48:02","modified_gmt":"2024-12-30T12:48:02","slug":"579-gelesen-der-projektkapitan","status":"publish","type":"post","link":"https:\/\/www.bernhardschloss.de\/blog\/579-gelesen-der-projektkapitan\/","title":{"rendered":"#579 Gelesen: Der Projektkapit\u00e4n"},"content":{"rendered":"<p><a href=\"https:\/\/picasaweb.google.com\/lh\/photo\/Rp2T3dazSg-E58IMpdg7xdMTjNZETYmyPJy0liipFm0?feat=embedwebsite\"><img loading=\"lazy\" decoding=\"async\" src=\"https:\/\/lh4.googleusercontent.com\/-w8DbIlYKFjQ\/UOmuzSJpAjI\/AAAAAAAAA2M\/XD5G2grUjBs\/s144\/Buch.jpg\" alt=\"\" width=\"144\" height=\"96\" \/><\/a><br \/>\n<a title=\"Amazon: Der Projektkapit\u00e4n\" href=\"https:\/\/www.amazon.de\/gp\/product\/3658014504\" target=\"_blank\" rel=\"noopener noreferrer\">Wieder ein Buch bei dem es um innere Haltung geht<\/a> <em>(Amazon)<\/em>, um F\u00fchrung und um Entscheidungen unter Unsicherheit. Olaf Hinz hat gar nicht den Anspruch ein umfassendes PM-Lehrbuch zu liefern, sondern fokussiert stark auf den Aspekt der F\u00fchrung und die liegt auf unserem ollen Projektkahn, aber genauso auch bei super-modernen Projekttankern oder kleinen schicken Projekt-Jachten in der Hand des Projektkapit\u00e4ns. Olaf schenkt uns ein Metaphernbuch voller Sch\u00e4tze an seem\u00e4nnischen und nicht-seem\u00e4nnischen Projektmetaphern.<\/p>\n<p>Hier ein paar Beispiele solcher Bonmots:<br \/>\n\u2022 \u201e An Deck hat der Kapit\u00e4n das Kommando, an Land der Reeder.\u201c<br \/>\n\u2022 \u201eEs gilt das \u201aOhr auf der Schiene zu haben\u2018 und fr\u00fchzeitig zu reagieren.\u201c<br \/>\n\u2022 \u201ePolitiker erhalten 100 Tage Schonfrist, wenn sie ein Amt antreten \u2013 ein Projektleiter muss sofort volle Leistung bringen.\u201c<br \/>\n\u2022 \u201eAlle Mann an Bord \u2013 Motivation und Teamarbeit dank Sinn und Zusammenhang\u201c<br \/>\n\u2022 Gruppendynamik &#8211; \u201eDenn diese ist wie das Wetter \u2013 immer da.\u201c<br \/>\n\u2022 \u201eHelden sind Getriebene\u201c<br \/>\n\u2022 \u201eStreng nach Plan gef\u00fchrte Projekte sind wie in die Dose gepresstes Fleisch in Form gebracht und in Struktur gepresst! (\u2026). Dem Dosenfleisch fehlt die W\u00fcrze des aktuellen Kontextes und die Kommunikation mit und aus dem Umfeld.\u201c<\/p>\n<p>Olaf durchschifft mit uns die klassischen Themen von der Auftragskl\u00e4rung, der Projektkommunikation, smarten Zielen, Motivationstheorien bis hin zum Umgang mit Komplexit\u00e4t. Hier macht er sich insbesondere stark f\u00fcr ein R\u00fcckkoppelungsmodell an Stelle eines starren linearen Denkmodells. Eine Herausforderung sind hier z.B. unentscheidbare Entscheidungen:<\/p>\n<blockquote><p>\u201eHier muss die F\u00fchrungskraft M\u00fche und Risiko des Entscheidens selbst \u00fcbernehmen. Das hei\u00dft: In einer Situation, in der ein festgelegter Regelprozess nicht greift, werden Fachleute verschiedene Vorschl\u00e4ge entwickeln, was zu tun ist. Jeder Vorschlag leuchtet in gewisser Weise ein, der F\u00fchrungskraft werden am Ende zwei oder drei durchaus plausible Alternativen. Und die Mitarbeiter werden dr\u00e4ngen: \u2018Wie machen wir es denn jetzt, Chef?\u2018 Und der muss dann eine unentscheidbare Entscheidung treffen. Das bedeutet, dass er unter Unsicherheit handelt und das Risiko tr\u00e4gt.\u201c<\/p><\/blockquote>\n<p>Als Fazit zieht Olaf sechs Leits\u00e4tze heran, die es braucht um ein Projekt auf Kurs zu halten:<br \/>\n1. Variantenreiche F\u00fchrung und klare Rollen verhindern Schlagseite<br \/>\n2. Nur wer aktiv kommuniziert, kann auch das Ruder in der Hand haben<br \/>\n3. Sinn und Zusammenhang, d.h. die Motivation der Besatzung bestimmt das Tempo<br \/>\n4. Bei wechselnden Winden an das Kreuzen denken<br \/>\n5. Heldentum ist tapfer aber meist nicht klug<br \/>\n6. \u2026und: Projekte f\u00fchren bedeutet: Es kommt immer noch was nach!<\/p>\n<p>\u201eDer Projektkapit\u00e4n\u201c ist nicht so etwas wie ein Werkzeugkasten, sondern eher eine Denkschule, die zur Reflexion einl\u00e4dt.<\/p>\n<p>Olaf Hinz, Der Projektkapit\u00e4n: Mit seem\u00e4nischer Gelassenheit Projekte zum Erfolg f\u00fchren, Wiesbaden 2013, ISBN-13: 978-3-658-01450-6<br \/>\n\u00dcberarbeitete und erweiterte Neuausgabe des Titels: \u201eSicher durch den Sturm \u2013 so halten Sie als Projektmanager den Kurs\u201c, erschienen im Orell F\u00fcssli Verlag<\/p>\n<div class=\"twoclick_social_bookmarks_post_2579 social_share_privacy clearfix 1.6.4 locale-de_DE sprite-de_DE\"><\/div><div class=\"twoclick-js\"><script type=\"text\/javascript\">\/* <![CDATA[ *\/\njQuery(document).ready(function($){if($('.twoclick_social_bookmarks_post_2579')){$('.twoclick_social_bookmarks_post_2579').socialSharePrivacy({\"services\":{\"facebook\":{\"status\":\"on\",\"txt_info\":\"\",\"perma_option\":\"off\",\"action\":\"recommend\",\"language\":\"de_DE\"},\"twitter\":{\"reply_to\":\"schlossblog\",\"tweet_text\":\"%23579%20Gelesen%3A%20Der%20Projektkapit%C3%A4n%20%C2%BB%20schlossBlog\",\"status\":\"on\",\"txt_info\":\"\",\"perma_option\":\"off\",\"language\":\"de\",\"referrer_track\":\"\"},\"xing\":{\"status\":\"on\",\"txt_info\":\"\",\"perma_option\":\"off\",\"language\":\"de\",\"referrer_track\":\"\"},\"t3n\":{\"status\":\"on\",\"txt_info\":\"2 Klicks f\\u00fcr mehr Datenschutz: Erst wenn Sie hier klicken, wird der Button aktiv und Sie k\\u00f6nnen Ihre Empfehlung an t3n senden. Schon beim Aktivieren werden Daten an Dritte \\u00fcbertragen - siehe <em>i<\\\/em>.\",\"perma_option\":\"off\"},\"linkedin\":{\"status\":\"on\",\"txt_info\":\"2 Klicks f\\u00fcr mehr Datenschutz: Erst wenn Sie hier klicken, wird der Button aktiv und Sie k\\u00f6nnen Ihre Empfehlung an LinkedIn senden. Schon beim Aktivieren werden Daten an Dritte \\u00fcbertragen - siehe <em>i<\\\/em>.\",\"perma_option\":\"off\"}},\"txt_help\":\"\",\"settings_perma\":\"\",\"info_link\":\"\",\"uri\":\"https:\\\/\\\/www.bernhardschloss.de\\\/blog\\\/579-gelesen-der-projektkapitan\\\/\",\"post_id\":2579,\"post_title_referrer_track\":\"%23579+Gelesen%3A+Der+Projektkapit%C3%A4n\",\"display_infobox\":\"on\"});}});\n\/* ]]> *\/<\/script><\/div>","protected":false},"excerpt":{"rendered":"<p>Wieder ein Buch bei dem es um innere Haltung geht (Amazon), um F\u00fchrung und um Entscheidungen unter Unsicherheit. Olaf Hinz hat gar nicht den Anspruch ein umfassendes PM-Lehrbuch zu liefern, sondern fokussiert stark auf den Aspekt der F\u00fchrung und die liegt auf unserem ollen Projektkahn, aber genauso auch bei super-modernen Projekttankern oder kleinen schicken Projekt-Jachten [&hellip;]<\/p>\n","protected":false},"author":4,"featured_media":0,"comment_status":"open","ping_status":"open","sticky":false,"template":"","format":"standard","meta":{"_crdt_document":"","footnotes":""},"categories":[8],"tags":[232,405,565,455],"class_list":["post-2579","post","type-post","status-publish","format-standard","hentry","category-projektmanagement","tag-fuhrung","tag-gelesen","tag-projektmanagement","tag-seemannsgarn"],"_links":{"self":[{"href":"https:\/\/www.bernhardschloss.de\/blog\/wp-json\/wp\/v2\/posts\/2579","targetHints":{"allow":["GET"]}}],"collection":[{"href":"https:\/\/www.bernhardschloss.de\/blog\/wp-json\/wp\/v2\/posts"}],"about":[{"href":"https:\/\/www.bernhardschloss.de\/blog\/wp-json\/wp\/v2\/types\/post"}],"author":[{"embeddable":true,"href":"https:\/\/www.bernhardschloss.de\/blog\/wp-json\/wp\/v2\/users\/4"}],"replies":[{"embeddable":true,"href":"https:\/\/www.bernhardschloss.de\/blog\/wp-json\/wp\/v2\/comments?post=2579"}],"version-history":[{"count":7,"href":"https:\/\/www.bernhardschloss.de\/blog\/wp-json\/wp\/v2\/posts\/2579\/revisions"}],"predecessor-version":[{"id":5621,"href":"https:\/\/www.bernhardschloss.de\/blog\/wp-json\/wp\/v2\/posts\/2579\/revisions\/5621"}],"wp:attachment":[{"href":"https:\/\/www.bernhardschloss.de\/blog\/wp-json\/wp\/v2\/media?parent=2579"}],"wp:term":[{"taxonomy":"category","embeddable":true,"href":"https:\/\/www.bernhardschloss.de\/blog\/wp-json\/wp\/v2\/categories?post=2579"},{"taxonomy":"post_tag","embeddable":true,"href":"https:\/\/www.bernhardschloss.de\/blog\/wp-json\/wp\/v2\/tags?post=2579"}],"curies":[{"name":"wp","href":"https:\/\/api.w.org\/{rel}","templated":true}]}}