{"id":2504,"date":"2013-05-12T13:52:46","date_gmt":"2013-05-12T11:52:46","guid":{"rendered":"http:\/\/www.bernhardschloss.de\/blog\/?p=2504"},"modified":"2024-12-30T14:52:21","modified_gmt":"2024-12-30T12:52:21","slug":"566-republica-13","status":"publish","type":"post","link":"https:\/\/www.bernhardschloss.de\/blog\/566-republica-13\/","title":{"rendered":"#566 re:publica 13"},"content":{"rendered":"<p>Nein, ich war nicht dabei bei der gerade in Berlin gelaufenen <a title=\"re:publica\" href=\"http:\/\/www.re-publica.de\/\" target=\"_blank\" rel=\"noopener noreferrer\">re:publica<\/a>, der j\u00e4hrlich stattfindenden Web 2.0-Konferenz, aber in Zeiten von YouTube ist das ja auch gar nicht so schlimm und so habe ich mir gestern Abend die diesj\u00e4hrigen Beitr\u00e4ge der &#8222;Starredner&#8220; <a title=\"Gunter Dueck\" href=\"http:\/\/www.omnisophie.com\/\" target=\"_blank\" rel=\"noopener noreferrer\">Gunter Dueck<\/a> und <a title=\"Sascha Lobo\" href=\"http:\/\/saschalobo.com\/\" target=\"_blank\" rel=\"noopener noreferrer\">Sascha Lobo<\/a> in aller Ruhe angesehen. Beides viel zitierte, aber auch skurile Lichtgestalten der Web 2.0-Szene. Beide kritisch, aber auch mit viel Selbstironie.<\/p>\n<p>Randbemerkung:<\/p>\n<p>Beide hatten w\u00e4hrend Ihrer Vortr\u00e4ge Probleme mit der Hardware aus angebissenem Obst (und ich dachte, so etwas g\u00e4be es nur in der Windows Welt)&#8230;<\/p>\n<p><a title=\"YouTube: rp13 - Gunter Dueck\" href=\"http:\/\/www.youtube.com\/watch?v=uPU1y9V3jL4\" target=\"_blank\" rel=\"noopener noreferrer\">Gunter Dueck &#8211;\u00a0Aufruf zum metakulturellen Diskurs<\/a><\/p>\n<p>Zun\u00e4chst seziert Dueck die Soziologie unserer Gesellschaft, ehe er zum Thema Innovation, dem Thema <a title=\"Amazon: Dueck\" href=\"https:\/\/www.amazon.de\/gp\/product\/359339717X\" target=\"_blank\" rel=\"noopener noreferrer\">seines aktuellen Buches<\/a> (mehr demn\u00e4chst) schwenkt. Und mit einem Augenzwinkern lernt man auch noch, wie das mit dem Angrillen auf den Neckarwiesen am besten funktioniert und dass er pers\u00f6nlich keine Probleme mit der Drosselkom hat, weil er keine Filme guckt&#8230;<\/p>\n<p><a title=\"YouTube: rp13 - Sascha Lobo\" href=\"http:\/\/www.youtube.com\/watch?v=Raas1BhSIbs\" target=\"_blank\" rel=\"noopener noreferrer\">Sascha Lobo &#8211; \u00dcberaschungsvortrag<\/a><\/p>\n<p>Ebenfalls gewohnt launig und ironisch steuert Sascha Lobo letztlich auf sein aktuelles Projekt zu: <a title=\"Reclaim Social Media\" href=\"http:\/\/reclaim.fm\/\" target=\"_blank\" rel=\"noopener noreferrer\">Reclaim Social Media<\/a>, das er gemeinsam mit <a title=\"Felix Schwenzel\" href=\"http:\/\/wirres.net\/\" target=\"_blank\" rel=\"noopener noreferrer\">Felix Schwenzel<\/a> ins Leben gerufen hat. Die beiden fordern dabei auf, die Welt der Blogs zu reanimieren und die eigenen Inhalte aus den g\u00e4ngigen \u00a0Social Media Plattformen zur\u00fcckzuholen in den eigenen Blog. Dabei geht es Ihnen noch nicht einmal darum den Plattformen etwas wegzunehmen, sondern die Inhalte zumindest zu synchronisieren und an einer Stelle, n\u00e4mlich dem eigenen Blog den Gesamt\u00fcberblick (oder wie sie sagen: Die Kontrolle) wieder zu erlangen. Sie haben daf\u00fcr die Entwicklung eines eigenen WordPress-Plugins gestartet.<\/p>\n<p>Die Idee hat mehr als nur Charme. Leider haben die Social Media Plattformen die Web 2.0-Welt nicht nur vorangetrieben, sondern gleichzeitig auch untergraben. Diskussionen zu einem Blogartikel finden heute eher auf den Social Media Plattformen statt, als bei dem jeweiligen Artikel selbst. Durch das Liken und Sharen sind die Nutzer faul geworden und von der Quelle im Blog findet man oft gar nicht mehr zum Kommentar.<\/p>\n<p>Ganz in diesem Sinne gibt es von mir f\u00fcr Reclaim Social Media ein eindeutiges +1<\/p>\n<p>\ud83d\ude09<\/p>\n<div class=\"twoclick_social_bookmarks_post_2504 social_share_privacy clearfix 1.6.4 locale-de_DE sprite-de_DE\"><\/div><div class=\"twoclick-js\"><script type=\"text\/javascript\">\/* <![CDATA[ *\/\njQuery(document).ready(function($){if($('.twoclick_social_bookmarks_post_2504')){$('.twoclick_social_bookmarks_post_2504').socialSharePrivacy({\"services\":{\"facebook\":{\"status\":\"on\",\"txt_info\":\"\",\"perma_option\":\"off\",\"action\":\"recommend\",\"language\":\"de_DE\"},\"twitter\":{\"reply_to\":\"schlossblog\",\"tweet_text\":\"%23566%20re%3Apublica%2013%20%C2%BB%20schlossBlog\",\"status\":\"on\",\"txt_info\":\"\",\"perma_option\":\"off\",\"language\":\"de\",\"referrer_track\":\"\"},\"xing\":{\"status\":\"on\",\"txt_info\":\"\",\"perma_option\":\"off\",\"language\":\"de\",\"referrer_track\":\"\"},\"t3n\":{\"status\":\"on\",\"txt_info\":\"2 Klicks f\\u00fcr mehr Datenschutz: Erst wenn Sie hier klicken, wird der Button aktiv und Sie k\\u00f6nnen Ihre Empfehlung an t3n senden. Schon beim Aktivieren werden Daten an Dritte \\u00fcbertragen - siehe <em>i<\\\/em>.\",\"perma_option\":\"off\"},\"linkedin\":{\"status\":\"on\",\"txt_info\":\"2 Klicks f\\u00fcr mehr Datenschutz: Erst wenn Sie hier klicken, wird der Button aktiv und Sie k\\u00f6nnen Ihre Empfehlung an LinkedIn senden. Schon beim Aktivieren werden Daten an Dritte \\u00fcbertragen - siehe <em>i<\\\/em>.\",\"perma_option\":\"off\"}},\"txt_help\":\"\",\"settings_perma\":\"\",\"info_link\":\"\",\"uri\":\"https:\\\/\\\/www.bernhardschloss.de\\\/blog\\\/566-republica-13\\\/\",\"post_id\":2504,\"post_title_referrer_track\":\"%23566+re%3Apublica+13\",\"display_infobox\":\"on\"});}});\n\/* ]]> *\/<\/script><\/div>","protected":false},"excerpt":{"rendered":"<p>Nein, ich war nicht dabei bei der gerade in Berlin gelaufenen re:publica, der j\u00e4hrlich stattfindenden Web 2.0-Konferenz, aber in Zeiten von YouTube ist das ja auch gar nicht so schlimm und so habe ich mir gestern Abend die diesj\u00e4hrigen Beitr\u00e4ge der &#8222;Starredner&#8220; Gunter Dueck und Sascha Lobo in aller Ruhe angesehen. Beides viel zitierte, aber [&hellip;]<\/p>\n","protected":false},"author":4,"featured_media":0,"comment_status":"open","ping_status":"open","sticky":false,"template":"","format":"standard","meta":{"_crdt_document":"","footnotes":""},"categories":[12,323],"tags":[438,436,437],"class_list":["post-2504","post","type-post","status-publish","format-standard","hentry","category-ebusiness","category-web-2-0","tag-gunter-dueck","tag-republica","tag-sascha-lobo"],"_links":{"self":[{"href":"https:\/\/www.bernhardschloss.de\/blog\/wp-json\/wp\/v2\/posts\/2504","targetHints":{"allow":["GET"]}}],"collection":[{"href":"https:\/\/www.bernhardschloss.de\/blog\/wp-json\/wp\/v2\/posts"}],"about":[{"href":"https:\/\/www.bernhardschloss.de\/blog\/wp-json\/wp\/v2\/types\/post"}],"author":[{"embeddable":true,"href":"https:\/\/www.bernhardschloss.de\/blog\/wp-json\/wp\/v2\/users\/4"}],"replies":[{"embeddable":true,"href":"https:\/\/www.bernhardschloss.de\/blog\/wp-json\/wp\/v2\/comments?post=2504"}],"version-history":[{"count":7,"href":"https:\/\/www.bernhardschloss.de\/blog\/wp-json\/wp\/v2\/posts\/2504\/revisions"}],"predecessor-version":[{"id":5625,"href":"https:\/\/www.bernhardschloss.de\/blog\/wp-json\/wp\/v2\/posts\/2504\/revisions\/5625"}],"wp:attachment":[{"href":"https:\/\/www.bernhardschloss.de\/blog\/wp-json\/wp\/v2\/media?parent=2504"}],"wp:term":[{"taxonomy":"category","embeddable":true,"href":"https:\/\/www.bernhardschloss.de\/blog\/wp-json\/wp\/v2\/categories?post=2504"},{"taxonomy":"post_tag","embeddable":true,"href":"https:\/\/www.bernhardschloss.de\/blog\/wp-json\/wp\/v2\/tags?post=2504"}],"curies":[{"name":"wp","href":"https:\/\/api.w.org\/{rel}","templated":true}]}}