{"id":2305,"date":"2012-11-10T22:09:19","date_gmt":"2012-11-10T20:09:19","guid":{"rendered":"http:\/\/www.bernhardschloss.de\/blog\/?p=2305"},"modified":"2012-11-10T22:09:19","modified_gmt":"2012-11-10T20:09:19","slug":"539-zuruck-vom-pm-camp","status":"publish","type":"post","link":"https:\/\/www.bernhardschloss.de\/blog\/539-zuruck-vom-pm-camp\/","title":{"rendered":"#539 Zur\u00fcck vom PM Camp"},"content":{"rendered":"<p>Wow, zur\u00fcck vom PM Camp in Dornbirn und noch erschlagen von der F\u00fclle der Gespr\u00e4che, Diskussionen und Eindr\u00fccke. Da gibt es eine Menge nachzuarbeiten (u.a. hier im \u00a0Blog und auf openPM). Mehr in den n\u00e4chsten Tagen.<\/p>\n<p>Die Inhaltsdichte war noch gr\u00f6\u00dfer als im Vorjahr. Spannende Themen. Und nat\u00fcrlich auch viel Spa\u00df im Kreis gro\u00dfartiger Kollegen!<\/p>\n<p>Vielen lieben Dank allen Teilnehmern und vielen lieben Dank dem Orgateam.<\/p>\n<p>Es ist zu bef\u00fcrchten, dass ich wieder komme<\/p>\n<p>\ud83d\ude09<\/p>\n<div class=\"twoclick_social_bookmarks_post_2305 social_share_privacy clearfix 1.6.4 locale-de_DE sprite-de_DE\"><\/div><div class=\"twoclick-js\"><script type=\"text\/javascript\">\/* <![CDATA[ *\/\njQuery(document).ready(function($){if($('.twoclick_social_bookmarks_post_2305')){$('.twoclick_social_bookmarks_post_2305').socialSharePrivacy({\"services\":{\"facebook\":{\"status\":\"on\",\"txt_info\":\"\",\"perma_option\":\"off\",\"action\":\"recommend\",\"language\":\"de_DE\"},\"twitter\":{\"reply_to\":\"schlossblog\",\"tweet_text\":\"%23539%20Zur%C3%BCck%20vom%20PM%20Camp%20%C2%BB%20schlossBlog\",\"status\":\"on\",\"txt_info\":\"\",\"perma_option\":\"off\",\"language\":\"de\",\"referrer_track\":\"\"},\"xing\":{\"status\":\"on\",\"txt_info\":\"\",\"perma_option\":\"off\",\"language\":\"de\",\"referrer_track\":\"\"},\"t3n\":{\"status\":\"on\",\"txt_info\":\"2 Klicks f\\u00fcr mehr Datenschutz: Erst wenn Sie hier klicken, wird der Button aktiv und Sie k\\u00f6nnen Ihre Empfehlung an t3n senden. Schon beim Aktivieren werden Daten an Dritte \\u00fcbertragen - siehe <em>i<\\\/em>.\",\"perma_option\":\"off\"},\"linkedin\":{\"status\":\"on\",\"txt_info\":\"2 Klicks f\\u00fcr mehr Datenschutz: Erst wenn Sie hier klicken, wird der Button aktiv und Sie k\\u00f6nnen Ihre Empfehlung an LinkedIn senden. Schon beim Aktivieren werden Daten an Dritte \\u00fcbertragen - siehe <em>i<\\\/em>.\",\"perma_option\":\"off\"}},\"txt_help\":\"\",\"settings_perma\":\"\",\"info_link\":\"\",\"uri\":\"https:\\\/\\\/www.bernhardschloss.de\\\/blog\\\/539-zuruck-vom-pm-camp\\\/\",\"post_id\":2305,\"post_title_referrer_track\":\"%23539+Zur%C3%BCck+vom+PM+Camp\",\"display_infobox\":\"on\"});}});\n\/* ]]> *\/<\/script><\/div>","protected":false},"excerpt":{"rendered":"<p>Wow, zur\u00fcck vom PM Camp in Dornbirn und noch erschlagen von der F\u00fclle der Gespr\u00e4che, Diskussionen und Eindr\u00fccke. Da gibt es eine Menge nachzuarbeiten (u.a. hier im \u00a0Blog und auf openPM). Mehr in den n\u00e4chsten Tagen. Die Inhaltsdichte war noch gr\u00f6\u00dfer als im Vorjahr. Spannende Themen. Und nat\u00fcrlich auch viel Spa\u00df im Kreis gro\u00dfartiger Kollegen! [&hellip;]<\/p>\n","protected":false},"author":4,"featured_media":0,"comment_status":"open","ping_status":"open","sticky":false,"template":"","format":"standard","meta":{"_crdt_document":"","footnotes":""},"categories":[8],"tags":[318],"class_list":["post-2305","post","type-post","status-publish","format-standard","hentry","category-projektmanagement","tag-pm-camp"],"_links":{"self":[{"href":"https:\/\/www.bernhardschloss.de\/blog\/wp-json\/wp\/v2\/posts\/2305","targetHints":{"allow":["GET"]}}],"collection":[{"href":"https:\/\/www.bernhardschloss.de\/blog\/wp-json\/wp\/v2\/posts"}],"about":[{"href":"https:\/\/www.bernhardschloss.de\/blog\/wp-json\/wp\/v2\/types\/post"}],"author":[{"embeddable":true,"href":"https:\/\/www.bernhardschloss.de\/blog\/wp-json\/wp\/v2\/users\/4"}],"replies":[{"embeddable":true,"href":"https:\/\/www.bernhardschloss.de\/blog\/wp-json\/wp\/v2\/comments?post=2305"}],"version-history":[{"count":3,"href":"https:\/\/www.bernhardschloss.de\/blog\/wp-json\/wp\/v2\/posts\/2305\/revisions"}],"predecessor-version":[{"id":2308,"href":"https:\/\/www.bernhardschloss.de\/blog\/wp-json\/wp\/v2\/posts\/2305\/revisions\/2308"}],"wp:attachment":[{"href":"https:\/\/www.bernhardschloss.de\/blog\/wp-json\/wp\/v2\/media?parent=2305"}],"wp:term":[{"taxonomy":"category","embeddable":true,"href":"https:\/\/www.bernhardschloss.de\/blog\/wp-json\/wp\/v2\/categories?post=2305"},{"taxonomy":"post_tag","embeddable":true,"href":"https:\/\/www.bernhardschloss.de\/blog\/wp-json\/wp\/v2\/tags?post=2305"}],"curies":[{"name":"wp","href":"https:\/\/api.w.org\/{rel}","templated":true}]}}