{"id":2221,"date":"2012-07-19T21:10:05","date_gmt":"2012-07-19T19:10:05","guid":{"rendered":"http:\/\/www.bernhardschloss.de\/blog\/?p=2221"},"modified":"2012-07-19T21:10:05","modified_gmt":"2012-07-19T19:10:05","slug":"525-pm-reader","status":"publish","type":"post","link":"https:\/\/www.bernhardschloss.de\/blog\/525-pm-reader\/","title":{"rendered":"#525 PM-Reader"},"content":{"rendered":"<p>Marcus Raitner fragt auf \/misc ob der <a title=\"\/misc: Projektleiter vom Aussterben bedroht\" href=\"http:\/\/misc.raitner.de\/2012\/07\/der-projektleiter-vom-aussterben-bedroht\/\" target=\"_blank\">Projektleiter vom Aussterben bedroht<\/a> ist.<\/p>\n<p>In einer neuen Folge von PM-TV spricht Stefan Hagen mit Wolfgang B\u00f6hl \u00fcber\u00a0<a title=\"PM-Blog: Professionalit\u00e4t im PM\" href=\"http:\/\/pm-blog.com\/2012\/07\/11\/professionelle-fuhrung-ist-das-betriebssystem-fur-erfolgreiche-projekte\/\" target=\"_blank\">Professionalit\u00e4t im Projektmanagement<\/a>.<\/p>\n<p>Reinhard Wagner bespricht auf dem GPM-Blog die\u00a0<a title=\"GPM-Blog: PM-Vorlesungen auf YouTube\" href=\"http:\/\/gpm-blog.de\/projektmanagement-vorlesung-im-internet-%e2%80%93-top-oder-flop\/\" target=\"_blank\">PM-Vorlesungen von\u00a0Marc Opresnik auf YouTube<\/a>\u00a0&#8211; und ist entt\u00e4uscht.<\/p>\n<p>Das CIO-Magazin zitiert eine Studie der FH Wien, die einen <a title=\"CIO: Trend Outsourcing von PM\" href=\"http:\/\/www.cio.de\/knowledgecenter\/outsourcing\/2885176\/\" target=\"_blank\">Trend zum Outsourcing von Projektmanagement<\/a> attestiert.\u00a0Da finde ich mich doch gleich wieder:<\/p>\n<table style=\"width: auto;\">\n<tbody>\n<tr>\n<td><a href=\"https:\/\/picasaweb.google.com\/lh\/photo\/8MmsjMB3dyoIMrsymEvv2g?feat=embedwebsite\"><img decoding=\"async\" src=\"https:\/\/lh4.googleusercontent.com\/_mBn_0ANUCAg\/TcD_tG8TRcI\/AAAAAAAAAZE\/Z9BdV2Wp8OI\/s400\/VisitenkarteWEb.PNG\" alt=\"\" \/><\/a><\/td>\n<\/tr>\n<tr>\n<td style=\"font-family: arial,sans-serif; font-size: 11px; text-align: right;\"><\/td>\n<\/tr>\n<\/tbody>\n<\/table>\n<p>Stefanie Hofmann berichtet in 10 Teilen auf Unlocking Potential von ihrer Erfahrung mit der\u00a0<a title=\"Unlocking Potential: PM-Sommerakademie\" href=\"http:\/\/unlocking-potential.de\/2012\/05\/24\/pm-podcast-13-ipma-level-d-sommerakademie\/\" target=\"_blank\">IPMA Level D-Sommerakademie<\/a>\u00a0(1.\u00a0<a title=\"Unlocking Potential: PM-SA Kreativit\u00e4t\" href=\"http:\/\/unlocking-potential.de\/2012\/07\/03\/sommerakademie-1-kreativitaet\/\" target=\"_blank\">Kreativit\u00e4t<\/a>, 2.\u00a0<a title=\"Unlocking Potential: PM-SA Projektatlas\" href=\"http:\/\/unlocking-potential.de\/2012\/07\/04\/sommerakademie-2-der-projektatlas\/\" target=\"_blank\">Projektatlas<\/a>, 3.\u00a0<a title=\"Unlocking Potential: PM-SA Phasenmodelle\" href=\"http:\/\/unlocking-potential.de\/2012\/07\/05\/sommerakademie-3-phasenmodelle\/\" target=\"_blank\">Phasenmodelle<\/a>, 4.\u00a0<a title=\"Unlocking Potential: PM-SA Kommunikation\" href=\"http:\/\/unlocking-potential.de\/2012\/07\/06\/sommerakademie-4-kommunikation\/\" target=\"_blank\">Kommunikation<\/a>, 5.\u00a0<a title=\"Unlocking Potential: PM-SA Netzplan\" href=\"http:\/\/unlocking-potential.de\/2012\/07\/09\/sommerakademie-5-netzplan-und-fazit-der-ersten-woche\/ \" target=\"_blank\">Netzplan<\/a>, 6. \u00a0<a title=\"Unlocking Potential: PM-SA TMS\" href=\"http:\/\/unlocking-potential.de\/2012\/07\/10\/sommerakademie-6-tms\/\" target=\"_blank\">TMS<\/a>, 7.\u00a0<a title=\"Unlocking Potential: PM-SA Qualit\u00e4ts- und \u00c4nderungsmanagement\" href=\"http:\/\/unlocking-potential.de\/2012\/07\/11\/sommerakademie-7-qualitats-und-anderungsmanagement\/\" target=\"_blank\">Qualit\u00e4ts- und \u00c4nderungsmanagement<\/a>, 8.\u00a0<a title=\"Unlocking Potential: PM-SA Projektsteuerung\" href=\"http:\/\/unlocking-potential.de\/2012\/07\/12\/sommerakademie-8-projektsteuerung-und-ubungstest\/\" target=\"_blank\">Projektsteuerung<\/a>, 9.\u00a0<a title=\"Unlocking Potential: PM-SA Vertragsmanagement\" href=\"http:\/\/unlocking-potential.de\/2012\/07\/13\/sommerakademie-9-vertragsmanagement\/\" target=\"_blank\">Vertragsmanagement<\/a>, 10.\u00a0<a title=\"Unlocking Potential: PM-SA Abschluss\" href=\"http:\/\/unlocking-potential.de\/2012\/07\/16\/sommerakademie-10-abschluss\/\" target=\"_blank\">Abschluss<\/a>). Pers\u00f6nlich Schmerzen bereitet mir der Umstand, dass Kommunikation erst nach den Phasenmodellen kommt. F\u00fcr mich kommt Kommunikation sogar noch vor der Kreativit\u00e4t!<\/p>\n<p><a title=\"Project Shrink: This Is What I Do.\" href=\"http:\/\/www.projectshrink.com\/this-is-what-i-do-dammit-6271.html\" target=\"_blank\">Selbstbild eines PMs: Bas de Bar<\/a> (Englisch) &#8211; This Is What I Do. Dammit.<\/p>\n<p>Und nochmal Reinhard Wagner \u00fcber die <a title=\"GPM-Blog: Kostenfalle Gro\u00dfprojekt\" href=\"http:\/\/gpm-blog.de\/kostenfalle-grosprojekt\/\" target=\"_blank\">Kostenfalle Gro\u00dfprojekt<\/a>.<\/p>\n<p>&nbsp;<\/p>\n<div class=\"twoclick_social_bookmarks_post_2221 social_share_privacy clearfix 1.6.4 locale-de_DE sprite-de_DE\"><\/div><div class=\"twoclick-js\"><script type=\"text\/javascript\">\/* <![CDATA[ *\/\njQuery(document).ready(function($){if($('.twoclick_social_bookmarks_post_2221')){$('.twoclick_social_bookmarks_post_2221').socialSharePrivacy({\"services\":{\"facebook\":{\"status\":\"on\",\"txt_info\":\"\",\"perma_option\":\"off\",\"action\":\"recommend\",\"language\":\"de_DE\"},\"twitter\":{\"reply_to\":\"schlossblog\",\"tweet_text\":\"%23525%20PM-Reader%20%C2%BB%20schlossBlog\",\"status\":\"on\",\"txt_info\":\"\",\"perma_option\":\"off\",\"language\":\"de\",\"referrer_track\":\"\"},\"xing\":{\"status\":\"on\",\"txt_info\":\"\",\"perma_option\":\"off\",\"language\":\"de\",\"referrer_track\":\"\"},\"t3n\":{\"status\":\"on\",\"txt_info\":\"2 Klicks f\\u00fcr mehr Datenschutz: Erst wenn Sie hier klicken, wird der Button aktiv und Sie k\\u00f6nnen Ihre Empfehlung an t3n senden. Schon beim Aktivieren werden Daten an Dritte \\u00fcbertragen - siehe <em>i<\\\/em>.\",\"perma_option\":\"off\"},\"linkedin\":{\"status\":\"on\",\"txt_info\":\"2 Klicks f\\u00fcr mehr Datenschutz: Erst wenn Sie hier klicken, wird der Button aktiv und Sie k\\u00f6nnen Ihre Empfehlung an LinkedIn senden. Schon beim Aktivieren werden Daten an Dritte \\u00fcbertragen - siehe <em>i<\\\/em>.\",\"perma_option\":\"off\"}},\"txt_help\":\"\",\"settings_perma\":\"\",\"info_link\":\"\",\"uri\":\"https:\\\/\\\/www.bernhardschloss.de\\\/blog\\\/525-pm-reader\\\/\",\"post_id\":2221,\"post_title_referrer_track\":\"%23525+PM-Reader\",\"display_infobox\":\"on\"});}});\n\/* ]]> *\/<\/script><\/div>","protected":false},"excerpt":{"rendered":"<p>Marcus Raitner fragt auf \/misc ob der Projektleiter vom Aussterben bedroht ist. In einer neuen Folge von PM-TV spricht Stefan Hagen mit Wolfgang B\u00f6hl \u00fcber\u00a0Professionalit\u00e4t im Projektmanagement. Reinhard Wagner bespricht auf dem GPM-Blog die\u00a0PM-Vorlesungen von\u00a0Marc Opresnik auf YouTube\u00a0&#8211; und ist entt\u00e4uscht. Das CIO-Magazin zitiert eine Studie der FH Wien, die einen Trend zum Outsourcing von [&hellip;]<\/p>\n","protected":false},"author":4,"featured_media":0,"comment_status":"open","ping_status":"open","sticky":false,"template":"","format":"standard","meta":{"_crdt_document":"","footnotes":""},"categories":[8],"tags":[97,144,374,373,372,375],"class_list":["post-2221","post","type-post","status-publish","format-standard","hentry","category-projektmanagement","tag-grosprojekt","tag-outsourcing","tag-pm-sommerakademie","tag-professionalitat","tag-projektleiter","tag-youtube"],"_links":{"self":[{"href":"https:\/\/www.bernhardschloss.de\/blog\/wp-json\/wp\/v2\/posts\/2221","targetHints":{"allow":["GET"]}}],"collection":[{"href":"https:\/\/www.bernhardschloss.de\/blog\/wp-json\/wp\/v2\/posts"}],"about":[{"href":"https:\/\/www.bernhardschloss.de\/blog\/wp-json\/wp\/v2\/types\/post"}],"author":[{"embeddable":true,"href":"https:\/\/www.bernhardschloss.de\/blog\/wp-json\/wp\/v2\/users\/4"}],"replies":[{"embeddable":true,"href":"https:\/\/www.bernhardschloss.de\/blog\/wp-json\/wp\/v2\/comments?post=2221"}],"version-history":[{"count":5,"href":"https:\/\/www.bernhardschloss.de\/blog\/wp-json\/wp\/v2\/posts\/2221\/revisions"}],"predecessor-version":[{"id":2227,"href":"https:\/\/www.bernhardschloss.de\/blog\/wp-json\/wp\/v2\/posts\/2221\/revisions\/2227"}],"wp:attachment":[{"href":"https:\/\/www.bernhardschloss.de\/blog\/wp-json\/wp\/v2\/media?parent=2221"}],"wp:term":[{"taxonomy":"category","embeddable":true,"href":"https:\/\/www.bernhardschloss.de\/blog\/wp-json\/wp\/v2\/categories?post=2221"},{"taxonomy":"post_tag","embeddable":true,"href":"https:\/\/www.bernhardschloss.de\/blog\/wp-json\/wp\/v2\/tags?post=2221"}],"curies":[{"name":"wp","href":"https:\/\/api.w.org\/{rel}","templated":true}]}}