{"id":2210,"date":"2012-07-01T16:11:46","date_gmt":"2012-07-01T14:11:46","guid":{"rendered":"http:\/\/www.bernhardschloss.de\/blog\/?p=2210"},"modified":"2012-07-01T16:11:46","modified_gmt":"2012-07-01T14:11:46","slug":"523-pm-nicht-als-commodity-verstehen","status":"publish","type":"post","link":"https:\/\/www.bernhardschloss.de\/blog\/523-pm-nicht-als-commodity-verstehen\/","title":{"rendered":"#523 PM nicht als Commodity verstehen"},"content":{"rendered":"<p>Im <a title=\"schlossBlog #522 - PM als Commodity?\" href=\"http:\/\/www.bernhardschloss.de\/blog\/?p=2204\" target=\"_blank\">vorangegangenem Beitrag<\/a> hatte ich dar\u00fcber philosophiert, dass Projektmanagement immer mehr als Commodity missverstanden wird.<\/p>\n<p>Aber was ist so schlimm daran, wenn PM ein Commodity wird?<\/p>\n<p>Hierzu sei wieder Gunter Dueck angef\u00fchrt, der von der Commodity-Gefahr spricht. Denn bei Commodities steckt die Intelligenz nicht mehr in der konkreten Leistung der Beteiligten sondern in den Prozessen. Durch festgelegte Normen und Vorschriften &#8222;&#8230;wird die Erf\u00fcllung der Vorschriften zur Commodity&#8220;. Diese Form der Professionalisierung birgt aber erhebliche Nachteile, denn &#8222;&#8230;[d]ie Berufe werden nicht derart professionalisiert, dass man alle in diesem Beruf so verbessert, dass sie alle gleichm\u00e4\u00dfig exzellent sind &#8211; nein, man programmiert sie alle gleich.&#8220; \u00a0Die Professionalisierung in der Praxis vernachl\u00e4ssigt &#8222;&#8230;die anderen Intelligenzen im Bereich von Gef\u00fchl, Wille, Instinkt, Humor, Intuition oder F\u00fchrung [&#8230;], weil diese nur in niederer Form als beschreibbare Anweisungen oder erlernbare Gespr\u00e4chsfloskeln vorkommen. Dadurch werden sie bei der Professionalisierung durch die klassische Intelligenz des Auswendiglernens simuliert und ersetzt.&#8220;<\/p>\n<p>Hier versteckt sich auch eine Kritik, die wir auf Standards und Zertifizierungen beziehen k\u00f6nnen. Diese erzeugen n\u00e4mlich nicht eine professionelle Intelligenz im Sinne Duecks, sondern ihre einseitige Fixierung f\u00fchrt zu Dysprofessionalit\u00e4t. &#8222;Und weil die Welt immer h\u00f6herdimensionaler, komplexer und komplizierter wird, sowie mehr Intelligenzen verlangt, wird der Schaden durch Unprofessionalit\u00e4t immer gr\u00f6\u00dfer.&#8220; Das blinde Anwenden von Normen und Standards schadet. Die Kunst liegt darin, die Regeln an den richtigen Stellen zu brechen, sie situationsspezifisch anzuwenden und den gesunden Menschenverstand einzuschalten.<\/p>\n<p>Kommunikationsregeln ersetzen keine Kommunikation.<\/p>\n<p>Controlling &amp; Reporting ersetzen kein Probleml\u00f6sungsdenken.<\/p>\n<p><a title=\"XING: Jens Hoffmann\" href=\"http:\/\/www.xing.com\/profile\/Jens_Hoffmann6\/xc\" target=\"_blank\">Jens Hoffmann<\/a> hat nach dem vorangegangenem Beitrag auf Google + gefragt, wie wir dann Projektmanagement betreiben k\u00f6nnen, so dass es als wertsteigernde Aktivit\u00e4t betrachtet wird und nicht als Commodity.<\/p>\n<p>Nun meine Antwort ist eine Professionalisierung &#8211; nicht im Sinne der Standards und Normen, sondern im Sinne der Professionalisierung Duecks, die neben der klassischen Intelligenz auch emotionale Intelligenz, vitale Intelligenz des Instinktes und des Handelns, Intelligenz der Sinnlichkeit (Sch\u00f6nheit), Intelligenz des Kreativen und Intelligenz der Sinnstiftung braucht. Und dieses Gesamtpaket gibt es beim besten Willen nicht mehr als Commodity. Das ist schon Premium. \ud83d\ude09<\/p>\n<div class=\"twoclick_social_bookmarks_post_2210 social_share_privacy clearfix 1.6.4 locale-de_DE sprite-de_DE\"><\/div><div class=\"twoclick-js\"><script type=\"text\/javascript\">\/* <![CDATA[ *\/\njQuery(document).ready(function($){if($('.twoclick_social_bookmarks_post_2210')){$('.twoclick_social_bookmarks_post_2210').socialSharePrivacy({\"services\":{\"facebook\":{\"status\":\"on\",\"txt_info\":\"\",\"perma_option\":\"off\",\"action\":\"recommend\",\"language\":\"de_DE\"},\"twitter\":{\"reply_to\":\"schlossblog\",\"tweet_text\":\"%23523%20PM%20nicht%20als%20Commodity%20verstehen%20%C2%BB%20schlossBlog\",\"status\":\"on\",\"txt_info\":\"\",\"perma_option\":\"off\",\"language\":\"de\",\"referrer_track\":\"\"},\"xing\":{\"status\":\"on\",\"txt_info\":\"\",\"perma_option\":\"off\",\"language\":\"de\",\"referrer_track\":\"\"},\"t3n\":{\"status\":\"on\",\"txt_info\":\"2 Klicks f\\u00fcr mehr Datenschutz: Erst wenn Sie hier klicken, wird der Button aktiv und Sie k\\u00f6nnen Ihre Empfehlung an t3n senden. Schon beim Aktivieren werden Daten an Dritte \\u00fcbertragen - siehe <em>i<\\\/em>.\",\"perma_option\":\"off\"},\"linkedin\":{\"status\":\"on\",\"txt_info\":\"2 Klicks f\\u00fcr mehr Datenschutz: Erst wenn Sie hier klicken, wird der Button aktiv und Sie k\\u00f6nnen Ihre Empfehlung an LinkedIn senden. Schon beim Aktivieren werden Daten an Dritte \\u00fcbertragen - siehe <em>i<\\\/em>.\",\"perma_option\":\"off\"}},\"txt_help\":\"\",\"settings_perma\":\"\",\"info_link\":\"\",\"uri\":\"https:\\\/\\\/www.bernhardschloss.de\\\/blog\\\/523-pm-nicht-als-commodity-verstehen\\\/\",\"post_id\":2210,\"post_title_referrer_track\":\"%23523+PM+nicht+als+Commodity+verstehen\",\"display_infobox\":\"on\"});}});\n\/* ]]> *\/<\/script><\/div>","protected":false},"excerpt":{"rendered":"<p>Im vorangegangenem Beitrag hatte ich dar\u00fcber philosophiert, dass Projektmanagement immer mehr als Commodity missverstanden wird. Aber was ist so schlimm daran, wenn PM ein Commodity wird? Hierzu sei wieder Gunter Dueck angef\u00fchrt, der von der Commodity-Gefahr spricht. Denn bei Commodities steckt die Intelligenz nicht mehr in der konkreten Leistung der Beteiligten sondern in den Prozessen. [&hellip;]<\/p>\n","protected":false},"author":4,"featured_media":0,"comment_status":"open","ping_status":"open","sticky":false,"template":"","format":"standard","meta":{"_crdt_document":"","footnotes":""},"categories":[8],"tags":[364,366,368,365,367],"class_list":["post-2210","post","type-post","status-publish","format-standard","hentry","category-projektmanagement","tag-commodity","tag-dueck","tag-normen","tag-professionalisierung","tag-standards"],"_links":{"self":[{"href":"https:\/\/www.bernhardschloss.de\/blog\/wp-json\/wp\/v2\/posts\/2210","targetHints":{"allow":["GET"]}}],"collection":[{"href":"https:\/\/www.bernhardschloss.de\/blog\/wp-json\/wp\/v2\/posts"}],"about":[{"href":"https:\/\/www.bernhardschloss.de\/blog\/wp-json\/wp\/v2\/types\/post"}],"author":[{"embeddable":true,"href":"https:\/\/www.bernhardschloss.de\/blog\/wp-json\/wp\/v2\/users\/4"}],"replies":[{"embeddable":true,"href":"https:\/\/www.bernhardschloss.de\/blog\/wp-json\/wp\/v2\/comments?post=2210"}],"version-history":[{"count":4,"href":"https:\/\/www.bernhardschloss.de\/blog\/wp-json\/wp\/v2\/posts\/2210\/revisions"}],"predecessor-version":[{"id":2214,"href":"https:\/\/www.bernhardschloss.de\/blog\/wp-json\/wp\/v2\/posts\/2210\/revisions\/2214"}],"wp:attachment":[{"href":"https:\/\/www.bernhardschloss.de\/blog\/wp-json\/wp\/v2\/media?parent=2210"}],"wp:term":[{"taxonomy":"category","embeddable":true,"href":"https:\/\/www.bernhardschloss.de\/blog\/wp-json\/wp\/v2\/categories?post=2210"},{"taxonomy":"post_tag","embeddable":true,"href":"https:\/\/www.bernhardschloss.de\/blog\/wp-json\/wp\/v2\/tags?post=2210"}],"curies":[{"name":"wp","href":"https:\/\/api.w.org\/{rel}","templated":true}]}}