{"id":213,"date":"2008-10-17T22:34:28","date_gmt":"2008-10-17T20:34:28","guid":{"rendered":"http:\/\/www.bernhardschloss.de\/blog\/?p=213"},"modified":"2008-10-31T11:39:52","modified_gmt":"2008-10-31T09:39:52","slug":"110-pm-software","status":"publish","type":"post","link":"https:\/\/www.bernhardschloss.de\/blog\/110-pm-software\/","title":{"rendered":"#110 PM-Software"},"content":{"rendered":"<p>In einem <a title=\"XING: PM-Software\" href=\"https:\/\/www.xing.com\/app\/forum?op=showarticles;id=13435828;offset=0\" target=\"_blank\">XING-Thread<\/a> hat\u00a0 Ronald Derler eine Umfrage unter Projekt-Professionals \u00fcber den Einsatz von PM-Software gestartet.<\/p>\n<p>Auff\u00e4llig ist, dass MS Excel alle anderen Applikationen in der H\u00e4ufigkeit der Nennung schl\u00e4gt.<\/p>\n<p>Interessant hierzu auch ein <a title=\"Projektmagazin: PM-Software\" href=\"http:\/\/www.projektmagazin.de\/forum\/index.html?pmSession=34043e9f0a2328ff21f1415b554b5232\" target=\"_blank\">Forums-Beitrag<\/a> von Georg Angermeier im Forum des <a title=\"Projektmagazin\" href=\"http:\/\/www.projektmagazin.de\" target=\"_blank\">Projektmagazins<\/a>:<\/p>\n<blockquote><p>&#8222;Marktf\u00fchrer&#8220; im Bereich der f\u00fcr Projekte eingesetzten Software ist zweifelsohne Microsoft Excel! \u00dcber das Thema &#8222;Microsoft Project&#8220; l\u00e4sst sich sehr lange und kontrovers diskutieren. Eines gilt aber sicherlich: Es ist weder das funktionsreichste noch das leistungsf\u00e4higste Programm. Dies sind aber auch nicht die Kriterien f\u00fcr die Software-Auswahl. Je nach Branche und Markt ist Microsoft Project auch nicht Marktf\u00fchrer. Beispielsweise ist Asta Powerproject im Bauwesen dominant, Primavera im Gro\u00dfanlagenbau.<\/p><\/blockquote>\n<div class=\"twoclick_social_bookmarks_post_213 social_share_privacy clearfix 1.6.4 locale-de_DE sprite-de_DE\"><\/div><div class=\"twoclick-js\"><script type=\"text\/javascript\">\/* <![CDATA[ *\/\njQuery(document).ready(function($){if($('.twoclick_social_bookmarks_post_213')){$('.twoclick_social_bookmarks_post_213').socialSharePrivacy({\"services\":{\"facebook\":{\"status\":\"on\",\"txt_info\":\"\",\"perma_option\":\"off\",\"action\":\"recommend\",\"language\":\"de_DE\"},\"twitter\":{\"reply_to\":\"schlossblog\",\"tweet_text\":\"%23110%20PM-Software%20%C2%BB%20schlossBlog\",\"status\":\"on\",\"txt_info\":\"\",\"perma_option\":\"off\",\"language\":\"de\",\"referrer_track\":\"\"},\"xing\":{\"status\":\"on\",\"txt_info\":\"\",\"perma_option\":\"off\",\"language\":\"de\",\"referrer_track\":\"\"},\"t3n\":{\"status\":\"on\",\"txt_info\":\"2 Klicks f\\u00fcr mehr Datenschutz: Erst wenn Sie hier klicken, wird der Button aktiv und Sie k\\u00f6nnen Ihre Empfehlung an t3n senden. Schon beim Aktivieren werden Daten an Dritte \\u00fcbertragen - siehe <em>i<\\\/em>.\",\"perma_option\":\"off\"},\"linkedin\":{\"status\":\"on\",\"txt_info\":\"2 Klicks f\\u00fcr mehr Datenschutz: Erst wenn Sie hier klicken, wird der Button aktiv und Sie k\\u00f6nnen Ihre Empfehlung an LinkedIn senden. Schon beim Aktivieren werden Daten an Dritte \\u00fcbertragen - siehe <em>i<\\\/em>.\",\"perma_option\":\"off\"}},\"txt_help\":\"\",\"settings_perma\":\"\",\"info_link\":\"\",\"uri\":\"https:\\\/\\\/www.bernhardschloss.de\\\/blog\\\/110-pm-software\\\/\",\"post_id\":213,\"post_title_referrer_track\":\"%23110+PM-Software\",\"display_infobox\":\"on\"});}});\n\/* ]]> *\/<\/script><\/div>","protected":false},"excerpt":{"rendered":"<p>In einem XING-Thread hat\u00a0 Ronald Derler eine Umfrage unter Projekt-Professionals \u00fcber den Einsatz von PM-Software gestartet. Auff\u00e4llig ist, dass MS Excel alle anderen Applikationen in der H\u00e4ufigkeit der Nennung schl\u00e4gt. Interessant hierzu auch ein Forums-Beitrag von Georg Angermeier im Forum des Projektmagazins: &#8222;Marktf\u00fchrer&#8220; im Bereich der f\u00fcr Projekte eingesetzten Software ist zweifelsohne Microsoft Excel! \u00dcber [&hellip;]<\/p>\n","protected":false},"author":4,"featured_media":0,"comment_status":"open","ping_status":"open","sticky":false,"template":"","format":"standard","meta":{"_crdt_document":"","footnotes":""},"categories":[7,8],"tags":[],"class_list":["post-213","post","type-post","status-publish","format-standard","hentry","category-planung","category-projektmanagement"],"_links":{"self":[{"href":"https:\/\/www.bernhardschloss.de\/blog\/wp-json\/wp\/v2\/posts\/213","targetHints":{"allow":["GET"]}}],"collection":[{"href":"https:\/\/www.bernhardschloss.de\/blog\/wp-json\/wp\/v2\/posts"}],"about":[{"href":"https:\/\/www.bernhardschloss.de\/blog\/wp-json\/wp\/v2\/types\/post"}],"author":[{"embeddable":true,"href":"https:\/\/www.bernhardschloss.de\/blog\/wp-json\/wp\/v2\/users\/4"}],"replies":[{"embeddable":true,"href":"https:\/\/www.bernhardschloss.de\/blog\/wp-json\/wp\/v2\/comments?post=213"}],"version-history":[{"count":3,"href":"https:\/\/www.bernhardschloss.de\/blog\/wp-json\/wp\/v2\/posts\/213\/revisions"}],"predecessor-version":[{"id":216,"href":"https:\/\/www.bernhardschloss.de\/blog\/wp-json\/wp\/v2\/posts\/213\/revisions\/216"}],"wp:attachment":[{"href":"https:\/\/www.bernhardschloss.de\/blog\/wp-json\/wp\/v2\/media?parent=213"}],"wp:term":[{"taxonomy":"category","embeddable":true,"href":"https:\/\/www.bernhardschloss.de\/blog\/wp-json\/wp\/v2\/categories?post=213"},{"taxonomy":"post_tag","embeddable":true,"href":"https:\/\/www.bernhardschloss.de\/blog\/wp-json\/wp\/v2\/tags?post=213"}],"curies":[{"name":"wp","href":"https:\/\/api.w.org\/{rel}","templated":true}]}}