{"id":205,"date":"2008-10-17T22:00:24","date_gmt":"2008-10-17T20:00:24","guid":{"rendered":"http:\/\/www.bernhardschloss.de\/blog\/?p=205"},"modified":"2008-10-17T22:01:34","modified_gmt":"2008-10-17T20:01:34","slug":"108-erecht","status":"publish","type":"post","link":"https:\/\/www.bernhardschloss.de\/blog\/108-erecht\/","title":{"rendered":"#108 &#8222;eRecht&#8220;"},"content":{"rendered":"<p>Auch das Internet ist kein rechtsfreier Raum:<\/p>\n<ul>\n<li>Juraprofessor Thomas Hoeren hat den <a title=\"Internet-Recht\" href=\"http:\/\/www.uni-muenster.de\/Jura.itm\/hoeren\/INHALTE\/lehre\/lehrematerialien.htm\" target=\"_blank\">aktuelle Stand des Internet-Rechts<\/a> zusammengestellt (Link via <a title=\"Emmerich-Consulting: Internet Recht\" href=\"http:\/\/blog.emmerich-consulting.net\/2008\/10\/16\/skript-internetrecht-elfte-auflage\/\" target=\"_blank\">emmerich-consulting<\/a>).<\/li>\n<li>Ebenfalls \u00fcber <a title=\"emmerich-consulting: disclaimer\" href=\"http:\/\/blog.emmerich-consulting.net\/2008\/10\/10\/e-mail-disclaimer-wertlos\/\" target=\"_blank\">emmerich-consulting<\/a> der Hinweis auf einen GULP-Artikel \u00fcber <a title=\"GULP: Disclaimer\" href=\"http:\/\/www.gulp.de\/kb\/lwo\/vertrag\/Email_Disclaimer.html\" target=\"_blank\">Disclaimer<\/a>.<\/li>\n<li>Das Justizministerium hat einen <a title=\"Leitfaden Impressumspflicht\" href=\"http:\/\/www.bmj.de\/musterimpressum\" target=\"_blank\">Leitfaden zur Impressumspflicht<\/a> f\u00fcr Internet-Seiten herausgegeben.<\/li>\n<\/ul>\n<div class=\"twoclick_social_bookmarks_post_205 social_share_privacy clearfix 1.6.4 locale-de_DE sprite-de_DE\"><\/div><div class=\"twoclick-js\"><script type=\"text\/javascript\">\/* <![CDATA[ *\/\njQuery(document).ready(function($){if($('.twoclick_social_bookmarks_post_205')){$('.twoclick_social_bookmarks_post_205').socialSharePrivacy({\"services\":{\"facebook\":{\"status\":\"on\",\"txt_info\":\"\",\"perma_option\":\"off\",\"action\":\"recommend\",\"language\":\"de_DE\"},\"twitter\":{\"reply_to\":\"schlossblog\",\"tweet_text\":\"%23108%20%E2%80%9EeRecht%E2%80%9C%20%C2%BB%20schlossBlog\",\"status\":\"on\",\"txt_info\":\"\",\"perma_option\":\"off\",\"language\":\"de\",\"referrer_track\":\"\"},\"xing\":{\"status\":\"on\",\"txt_info\":\"\",\"perma_option\":\"off\",\"language\":\"de\",\"referrer_track\":\"\"},\"t3n\":{\"status\":\"on\",\"txt_info\":\"2 Klicks f\\u00fcr mehr Datenschutz: Erst wenn Sie hier klicken, wird der Button aktiv und Sie k\\u00f6nnen Ihre Empfehlung an t3n senden. Schon beim Aktivieren werden Daten an Dritte \\u00fcbertragen - siehe <em>i<\\\/em>.\",\"perma_option\":\"off\"},\"linkedin\":{\"status\":\"on\",\"txt_info\":\"2 Klicks f\\u00fcr mehr Datenschutz: Erst wenn Sie hier klicken, wird der Button aktiv und Sie k\\u00f6nnen Ihre Empfehlung an LinkedIn senden. Schon beim Aktivieren werden Daten an Dritte \\u00fcbertragen - siehe <em>i<\\\/em>.\",\"perma_option\":\"off\"}},\"txt_help\":\"\",\"settings_perma\":\"\",\"info_link\":\"\",\"uri\":\"https:\\\/\\\/www.bernhardschloss.de\\\/blog\\\/108-erecht\\\/\",\"post_id\":205,\"post_title_referrer_track\":\"%23108+%26%238222%3BeRecht%26%238220%3B\",\"display_infobox\":\"on\"});}});\n\/* ]]> *\/<\/script><\/div>","protected":false},"excerpt":{"rendered":"<p>Auch das Internet ist kein rechtsfreier Raum: Juraprofessor Thomas Hoeren hat den aktuelle Stand des Internet-Rechts zusammengestellt (Link via emmerich-consulting). Ebenfalls \u00fcber emmerich-consulting der Hinweis auf einen GULP-Artikel \u00fcber Disclaimer. Das Justizministerium hat einen Leitfaden zur Impressumspflicht f\u00fcr Internet-Seiten herausgegeben.<\/p>\n","protected":false},"author":4,"featured_media":0,"comment_status":"open","ping_status":"open","sticky":false,"template":"","format":"standard","meta":{"_crdt_document":"","footnotes":""},"categories":[12,6],"tags":[],"class_list":["post-205","post","type-post","status-publish","format-standard","hentry","category-ebusiness","category-it-management"],"_links":{"self":[{"href":"https:\/\/www.bernhardschloss.de\/blog\/wp-json\/wp\/v2\/posts\/205","targetHints":{"allow":["GET"]}}],"collection":[{"href":"https:\/\/www.bernhardschloss.de\/blog\/wp-json\/wp\/v2\/posts"}],"about":[{"href":"https:\/\/www.bernhardschloss.de\/blog\/wp-json\/wp\/v2\/types\/post"}],"author":[{"embeddable":true,"href":"https:\/\/www.bernhardschloss.de\/blog\/wp-json\/wp\/v2\/users\/4"}],"replies":[{"embeddable":true,"href":"https:\/\/www.bernhardschloss.de\/blog\/wp-json\/wp\/v2\/comments?post=205"}],"version-history":[{"count":3,"href":"https:\/\/www.bernhardschloss.de\/blog\/wp-json\/wp\/v2\/posts\/205\/revisions"}],"predecessor-version":[{"id":207,"href":"https:\/\/www.bernhardschloss.de\/blog\/wp-json\/wp\/v2\/posts\/205\/revisions\/207"}],"wp:attachment":[{"href":"https:\/\/www.bernhardschloss.de\/blog\/wp-json\/wp\/v2\/media?parent=205"}],"wp:term":[{"taxonomy":"category","embeddable":true,"href":"https:\/\/www.bernhardschloss.de\/blog\/wp-json\/wp\/v2\/categories?post=205"},{"taxonomy":"post_tag","embeddable":true,"href":"https:\/\/www.bernhardschloss.de\/blog\/wp-json\/wp\/v2\/tags?post=205"}],"curies":[{"name":"wp","href":"https:\/\/api.w.org\/{rel}","templated":true}]}}