{"id":1994,"date":"2011-10-21T20:19:29","date_gmt":"2011-10-21T18:19:29","guid":{"rendered":"http:\/\/www.bernhardschloss.de\/blog\/?p=1994"},"modified":"2011-10-21T20:20:50","modified_gmt":"2011-10-21T18:20:50","slug":"492-grenzen-der-cloud-fortsetzung","status":"publish","type":"post","link":"https:\/\/www.bernhardschloss.de\/blog\/492-grenzen-der-cloud-fortsetzung\/","title":{"rendered":"#492 Grenzen der Cloud"},"content":{"rendered":"<p>Ein paar aktuelle Meldungen zeigen uns <a title=\"schlossBlog #420 - Grenzen der Cloud\" href=\"http:\/\/www.bernhardschloss.de\/blog\/?p=1576\" target=\"_blank\">mal wieder<\/a> die Grenzen der Cloud:<\/p>\n<p>Facebook setzt sich mit dem Thema Datenschutz auseinander und verspricht schizophrenerweise <a title=\"heise: Facebook f\u00fcr Schlewsig-Holstein\" href=\"http:\/\/www.heise.de\/newsticker\/meldung\/Bericht-Facebook-plant-fuer-Schleswig-Holstein-Sonderregelung-1364445.html\" target=\"_blank\">eine schleswig-holstein-spezifische L\u00f6sung<\/a> (heise online). In seiner Euphorie \u00fcber das vermeintlich erreichte vergisst der schleswig-holsteinische Datensch\u00fctzer Thilo Weichert doch glatt, dass Facebook, auch wenn es Daten in Schleswig-Holstein speichern sollte, nach wie vor ein amerikanisches Unternehmen ist, dass dem US Patriot Act unterliegt und daher dem US Big Brother immer und jederzeit in all seine Datenbest\u00e4nde Einblick gew\u00e4hren muss, <a title=\"golem: US Zugriff in der Cloud\" href=\"http:\/\/www.golem.de\/1110\/87232.html\" target=\"_blank\">das weiss Thilo Weichert eigentlich auch<\/a>\u00a0(golem), hat es aber in seinem Facebook Statement wohl vergessen.<\/p>\n<p>Last but not least st\u00f6sst man anscheinend auch in den USA an die Grenzen der Cloud, denn die Stadt <a title=\"heise: Los Angeles beklagt Sicherheit der Google Cloud\" href=\"http:\/\/www.heise.de\/newsticker\/meldung\/Los-Angeles-beklagt-Sicherheitsprobleme-bei-Googles-Cloud-1364534.html\" target=\"_blank\">Los Angeles beklagt massive Sicherheitsprobleme<\/a> in der von ihr eingekauften Google Cloud (wieder: heise).<\/p>\n<div class=\"twoclick_social_bookmarks_post_1994 social_share_privacy clearfix 1.6.4 locale-de_DE sprite-de_DE\"><\/div><div class=\"twoclick-js\"><script type=\"text\/javascript\">\/* <![CDATA[ *\/\njQuery(document).ready(function($){if($('.twoclick_social_bookmarks_post_1994')){$('.twoclick_social_bookmarks_post_1994').socialSharePrivacy({\"services\":{\"facebook\":{\"status\":\"on\",\"txt_info\":\"\",\"perma_option\":\"off\",\"action\":\"recommend\",\"language\":\"de_DE\"},\"twitter\":{\"reply_to\":\"schlossblog\",\"tweet_text\":\"%23492%20Grenzen%20der%20Cloud%20%C2%BB%20schlossBlog\",\"status\":\"on\",\"txt_info\":\"\",\"perma_option\":\"off\",\"language\":\"de\",\"referrer_track\":\"\"},\"xing\":{\"status\":\"on\",\"txt_info\":\"\",\"perma_option\":\"off\",\"language\":\"de\",\"referrer_track\":\"\"},\"t3n\":{\"status\":\"on\",\"txt_info\":\"2 Klicks f\\u00fcr mehr Datenschutz: Erst wenn Sie hier klicken, wird der Button aktiv und Sie k\\u00f6nnen Ihre Empfehlung an t3n senden. Schon beim Aktivieren werden Daten an Dritte \\u00fcbertragen - siehe <em>i<\\\/em>.\",\"perma_option\":\"off\"},\"linkedin\":{\"status\":\"on\",\"txt_info\":\"2 Klicks f\\u00fcr mehr Datenschutz: Erst wenn Sie hier klicken, wird der Button aktiv und Sie k\\u00f6nnen Ihre Empfehlung an LinkedIn senden. Schon beim Aktivieren werden Daten an Dritte \\u00fcbertragen - siehe <em>i<\\\/em>.\",\"perma_option\":\"off\"}},\"txt_help\":\"\",\"settings_perma\":\"\",\"info_link\":\"\",\"uri\":\"https:\\\/\\\/www.bernhardschloss.de\\\/blog\\\/492-grenzen-der-cloud-fortsetzung\\\/\",\"post_id\":1994,\"post_title_referrer_track\":\"%23492+Grenzen+der+Cloud\",\"display_infobox\":\"on\"});}});\n\/* ]]> *\/<\/script><\/div>","protected":false},"excerpt":{"rendered":"<p>Ein paar aktuelle Meldungen zeigen uns mal wieder die Grenzen der Cloud: Facebook setzt sich mit dem Thema Datenschutz auseinander und verspricht schizophrenerweise eine schleswig-holstein-spezifische L\u00f6sung (heise online). In seiner Euphorie \u00fcber das vermeintlich erreichte vergisst der schleswig-holsteinische Datensch\u00fctzer Thilo Weichert doch glatt, dass Facebook, auch wenn es Daten in Schleswig-Holstein speichern sollte, nach wie [&hellip;]<\/p>\n","protected":false},"author":4,"featured_media":0,"comment_status":"open","ping_status":"open","sticky":false,"template":"","format":"standard","meta":{"_crdt_document":"","footnotes":""},"categories":[6],"tags":[143,75,568],"class_list":["post-1994","post","type-post","status-publish","format-standard","hentry","category-it-management","tag-cloud","tag-compliance","tag-datenschutz"],"_links":{"self":[{"href":"https:\/\/www.bernhardschloss.de\/blog\/wp-json\/wp\/v2\/posts\/1994","targetHints":{"allow":["GET"]}}],"collection":[{"href":"https:\/\/www.bernhardschloss.de\/blog\/wp-json\/wp\/v2\/posts"}],"about":[{"href":"https:\/\/www.bernhardschloss.de\/blog\/wp-json\/wp\/v2\/types\/post"}],"author":[{"embeddable":true,"href":"https:\/\/www.bernhardschloss.de\/blog\/wp-json\/wp\/v2\/users\/4"}],"replies":[{"embeddable":true,"href":"https:\/\/www.bernhardschloss.de\/blog\/wp-json\/wp\/v2\/comments?post=1994"}],"version-history":[{"count":4,"href":"https:\/\/www.bernhardschloss.de\/blog\/wp-json\/wp\/v2\/posts\/1994\/revisions"}],"predecessor-version":[{"id":1997,"href":"https:\/\/www.bernhardschloss.de\/blog\/wp-json\/wp\/v2\/posts\/1994\/revisions\/1997"}],"wp:attachment":[{"href":"https:\/\/www.bernhardschloss.de\/blog\/wp-json\/wp\/v2\/media?parent=1994"}],"wp:term":[{"taxonomy":"category","embeddable":true,"href":"https:\/\/www.bernhardschloss.de\/blog\/wp-json\/wp\/v2\/categories?post=1994"},{"taxonomy":"post_tag","embeddable":true,"href":"https:\/\/www.bernhardschloss.de\/blog\/wp-json\/wp\/v2\/tags?post=1994"}],"curies":[{"name":"wp","href":"https:\/\/api.w.org\/{rel}","templated":true}]}}