{"id":1985,"date":"2011-10-14T18:51:21","date_gmt":"2011-10-14T16:51:21","guid":{"rendered":"http:\/\/www.bernhardschloss.de\/blog\/?p=1985"},"modified":"2011-10-14T18:51:21","modified_gmt":"2011-10-14T16:51:21","slug":"490-pm-reader-2","status":"publish","type":"post","link":"https:\/\/www.bernhardschloss.de\/blog\/490-pm-reader-2\/","title":{"rendered":"#490 PM-Reader"},"content":{"rendered":"<p>Eberhard Huber hat sich in einem Vortrag mit &#8222;des Pudels Kern&#8220; des agilen PM befasst, aber nicht rein theoretisch, sondern auf Basis seiner empirischen Studie:<\/p>\n<ul>\n<li><a title=\"projekt(B)LOG: Pudels Kern\" href=\"http:\/\/www.pentaeder.de\/projekte\/2011\/10\/11\/was-ist-des-agilen-pudels-kern\/\" target=\"_blank\">Was ist des (agilen) Pudels Kern?<\/a><\/li>\n<li><a title=\"projekt(B)LOG: Pudel Literatur\" href=\"http:\/\/www.pentaeder.de\/projekte\/2011\/10\/12\/was-ist-des-pudels-kern-folien-und-literaturtipp\/\" target=\"_blank\">Folien und Literaturtipp<\/a><\/li>\n<li><a title=\"projekt(B)LOG: Pudel Fragen\" href=\"http:\/\/www.pentaeder.de\/projekte\/2011\/10\/14\/des-agilen-pudels-kern-fragen-an-den-vortrag\/\" target=\"_blank\">Fragen an den Vortrag<\/a><\/li>\n<\/ul>\n<p>Sebastian Schneider hat drei<a title=\"Sebastian Schneider: Elektronische KANBAN Boards\" href=\"http:\/\/www.sebastian-schneider.eu\/cms\/agile\/die-besten-kanban-boards\" target=\"_blank\"> elektronische KANBAN-Boards <\/a>ausgegraben.<\/p>\n<p>Einen <a title=\"\/misc: Offener PM-Standard\" href=\"http:\/\/misc.raitner.de\/2011\/10\/open-pm-ein-aufruf\/\" target=\"_blank\">offenen PM-Standard<\/a>, unabh\u00e4ngig von Verb\u00e4nden wie, GPM, PMI oder anderen propagiert Marcus Raitner und k\u00fcndigt bereits an, dass wir auf dem <a title=\"PM-Camo\" href=\"http:\/\/www.pm-camp.org\/\" target=\"_blank\">PM-Camp<\/a> dar\u00fcber diskutieren werden.<\/p>\n<p>Am 25. und 26. Oktober findet das <a title=\"PM-Forum\" href=\"http:\/\/www.pm-forum.de\/\" target=\"_blank\">PM Forum der GPM in N\u00fcrnberg<\/a> statt. Als Vorgeschmack gibt es in der Reihe <a title=\"Unlocking Potential: Ed Hoffman\" href=\" http:\/\/unlocking-potential.de\/2011\/09\/29\/pm-10-minutes-11-developing-project-competence-in-a-complex-world\/\" target=\"_blank\">PM 10 minutes ein Interview von Andreas Heilwagen mit Ed Hoffman <\/a>von der NASA, dem Keynote Speaker der Veranstaltung.<\/p>\n<div class=\"twoclick_social_bookmarks_post_1985 social_share_privacy clearfix 1.6.4 locale-de_DE sprite-de_DE\"><\/div><div class=\"twoclick-js\"><script type=\"text\/javascript\">\/* <![CDATA[ *\/\njQuery(document).ready(function($){if($('.twoclick_social_bookmarks_post_1985')){$('.twoclick_social_bookmarks_post_1985').socialSharePrivacy({\"services\":{\"facebook\":{\"status\":\"on\",\"txt_info\":\"\",\"perma_option\":\"off\",\"action\":\"recommend\",\"language\":\"de_DE\"},\"twitter\":{\"reply_to\":\"schlossblog\",\"tweet_text\":\"%23490%20PM-Reader%20%C2%BB%20schlossBlog\",\"status\":\"on\",\"txt_info\":\"\",\"perma_option\":\"off\",\"language\":\"de\",\"referrer_track\":\"\"},\"xing\":{\"status\":\"on\",\"txt_info\":\"\",\"perma_option\":\"off\",\"language\":\"de\",\"referrer_track\":\"\"},\"t3n\":{\"status\":\"on\",\"txt_info\":\"2 Klicks f\\u00fcr mehr Datenschutz: Erst wenn Sie hier klicken, wird der Button aktiv und Sie k\\u00f6nnen Ihre Empfehlung an t3n senden. Schon beim Aktivieren werden Daten an Dritte \\u00fcbertragen - siehe <em>i<\\\/em>.\",\"perma_option\":\"off\"},\"linkedin\":{\"status\":\"on\",\"txt_info\":\"2 Klicks f\\u00fcr mehr Datenschutz: Erst wenn Sie hier klicken, wird der Button aktiv und Sie k\\u00f6nnen Ihre Empfehlung an LinkedIn senden. Schon beim Aktivieren werden Daten an Dritte \\u00fcbertragen - siehe <em>i<\\\/em>.\",\"perma_option\":\"off\"}},\"txt_help\":\"\",\"settings_perma\":\"\",\"info_link\":\"\",\"uri\":\"https:\\\/\\\/www.bernhardschloss.de\\\/blog\\\/490-pm-reader-2\\\/\",\"post_id\":1985,\"post_title_referrer_track\":\"%23490+PM-Reader\",\"display_infobox\":\"on\"});}});\n\/* ]]> *\/<\/script><\/div>","protected":false},"excerpt":{"rendered":"<p>Eberhard Huber hat sich in einem Vortrag mit &#8222;des Pudels Kern&#8220; des agilen PM befasst, aber nicht rein theoretisch, sondern auf Basis seiner empirischen Studie: Was ist des (agilen) Pudels Kern? Folien und Literaturtipp Fragen an den Vortrag Sebastian Schneider hat drei elektronische KANBAN-Boards ausgegraben. Einen offenen PM-Standard, unabh\u00e4ngig von Verb\u00e4nden wie, GPM, PMI oder [&hellip;]<\/p>\n","protected":false},"author":4,"featured_media":0,"comment_status":"open","ping_status":"open","sticky":false,"template":"","format":"standard","meta":{"_crdt_document":"","footnotes":""},"categories":[8],"tags":[54,321,174,318,110],"class_list":["post-1985","post","type-post","status-publish","format-standard","hentry","category-projektmanagement","tag-agil","tag-kanban","tag-pm-forum","tag-pm-camp","tag-pm-standards"],"_links":{"self":[{"href":"https:\/\/www.bernhardschloss.de\/blog\/wp-json\/wp\/v2\/posts\/1985","targetHints":{"allow":["GET"]}}],"collection":[{"href":"https:\/\/www.bernhardschloss.de\/blog\/wp-json\/wp\/v2\/posts"}],"about":[{"href":"https:\/\/www.bernhardschloss.de\/blog\/wp-json\/wp\/v2\/types\/post"}],"author":[{"embeddable":true,"href":"https:\/\/www.bernhardschloss.de\/blog\/wp-json\/wp\/v2\/users\/4"}],"replies":[{"embeddable":true,"href":"https:\/\/www.bernhardschloss.de\/blog\/wp-json\/wp\/v2\/comments?post=1985"}],"version-history":[{"count":4,"href":"https:\/\/www.bernhardschloss.de\/blog\/wp-json\/wp\/v2\/posts\/1985\/revisions"}],"predecessor-version":[{"id":1989,"href":"https:\/\/www.bernhardschloss.de\/blog\/wp-json\/wp\/v2\/posts\/1985\/revisions\/1989"}],"wp:attachment":[{"href":"https:\/\/www.bernhardschloss.de\/blog\/wp-json\/wp\/v2\/media?parent=1985"}],"wp:term":[{"taxonomy":"category","embeddable":true,"href":"https:\/\/www.bernhardschloss.de\/blog\/wp-json\/wp\/v2\/categories?post=1985"},{"taxonomy":"post_tag","embeddable":true,"href":"https:\/\/www.bernhardschloss.de\/blog\/wp-json\/wp\/v2\/tags?post=1985"}],"curies":[{"name":"wp","href":"https:\/\/api.w.org\/{rel}","templated":true}]}}