{"id":1906,"date":"2011-07-26T20:03:26","date_gmt":"2011-07-26T18:03:26","guid":{"rendered":"http:\/\/www.bernhardschloss.de\/blog\/?p=1906"},"modified":"2011-07-26T20:03:26","modified_gmt":"2011-07-26T18:03:26","slug":"479-it-reader","status":"publish","type":"post","link":"https:\/\/www.bernhardschloss.de\/blog\/479-it-reader\/","title":{"rendered":"#479 IT-Reader"},"content":{"rendered":"<ul>\n<li>Die Computerwoche berichtet: &#8222;<a title=\"CW: Cloud und Mobile\" href=\"http:\/\/www.computerwoche.de\/management\/it-strategie\/2491266\/\" target=\"_blank\">Cloud und Mobile machen Security-Manager nerv\u00f6s<\/a>&#8222;<\/li>\n<li>Das CIO-Magazin bringt uns die pers\u00f6nliche Definition von &#8222;SOA&#8220; von Rainer Jan\u00dfen, dem CIO der Munich Re: <a title=\"CIO: SOA=Same old Architecture\" href=\"http:\/\/www.cio.de\/strategien\/2282914\/\" target=\"_blank\">SOA=Same old Architecture<\/a>. Manchmal ist das, was modern klingt, auch nur alter Wein in neuen Schl\u00e4uchen.<\/li>\n<li>Siegfried Lautenbacher zieht einen Vergleich von <a title=\"Silicon.de: Corporate IT und M\u00fcnchner Bierg\u00e4rten\" href=\"http:\/\/www.silicon.de\/blogs\/0,39044150,41554947,00\/was_corporate_it_vom_muenchener_biergarten_lernen_kann.htm\" target=\"_blank\">Corporate IT und M\u00fcnchner Bierg\u00e4rten<\/a>. Sein Fazit: Es geht auch mit mehr Freiheit (bringt eure Brotzeit doch selbst mit!), wesentlich flexibler und damit billiger.<\/li>\n<\/ul>\n<div class=\"twoclick_social_bookmarks_post_1906 social_share_privacy clearfix 1.6.4 locale-de_DE sprite-de_DE\"><\/div><div class=\"twoclick-js\"><script type=\"text\/javascript\">\/* <![CDATA[ *\/\njQuery(document).ready(function($){if($('.twoclick_social_bookmarks_post_1906')){$('.twoclick_social_bookmarks_post_1906').socialSharePrivacy({\"services\":{\"facebook\":{\"status\":\"on\",\"txt_info\":\"\",\"perma_option\":\"off\",\"action\":\"recommend\",\"language\":\"de_DE\"},\"twitter\":{\"reply_to\":\"schlossblog\",\"tweet_text\":\"%23479%20IT-Reader%20%C2%BB%20schlossBlog\",\"status\":\"on\",\"txt_info\":\"\",\"perma_option\":\"off\",\"language\":\"de\",\"referrer_track\":\"\"},\"xing\":{\"status\":\"on\",\"txt_info\":\"\",\"perma_option\":\"off\",\"language\":\"de\",\"referrer_track\":\"\"},\"t3n\":{\"status\":\"on\",\"txt_info\":\"2 Klicks f\\u00fcr mehr Datenschutz: Erst wenn Sie hier klicken, wird der Button aktiv und Sie k\\u00f6nnen Ihre Empfehlung an t3n senden. Schon beim Aktivieren werden Daten an Dritte \\u00fcbertragen - siehe <em>i<\\\/em>.\",\"perma_option\":\"off\"},\"linkedin\":{\"status\":\"on\",\"txt_info\":\"2 Klicks f\\u00fcr mehr Datenschutz: Erst wenn Sie hier klicken, wird der Button aktiv und Sie k\\u00f6nnen Ihre Empfehlung an LinkedIn senden. Schon beim Aktivieren werden Daten an Dritte \\u00fcbertragen - siehe <em>i<\\\/em>.\",\"perma_option\":\"off\"}},\"txt_help\":\"\",\"settings_perma\":\"\",\"info_link\":\"\",\"uri\":\"https:\\\/\\\/www.bernhardschloss.de\\\/blog\\\/479-it-reader\\\/\",\"post_id\":1906,\"post_title_referrer_track\":\"%23479+IT-Reader\",\"display_infobox\":\"on\"});}});\n\/* ]]> *\/<\/script><\/div>","protected":false},"excerpt":{"rendered":"<p>Die Computerwoche berichtet: &#8222;Cloud und Mobile machen Security-Manager nerv\u00f6s&#8222; Das CIO-Magazin bringt uns die pers\u00f6nliche Definition von &#8222;SOA&#8220; von Rainer Jan\u00dfen, dem CIO der Munich Re: SOA=Same old Architecture. Manchmal ist das, was modern klingt, auch nur alter Wein in neuen Schl\u00e4uchen. Siegfried Lautenbacher zieht einen Vergleich von Corporate IT und M\u00fcnchner Bierg\u00e4rten. Sein Fazit: [&hellip;]<\/p>\n","protected":false},"author":4,"featured_media":0,"comment_status":"open","ping_status":"open","sticky":false,"template":"","format":"standard","meta":{"_crdt_document":"","footnotes":""},"categories":[6],"tags":[143,306,304,305],"class_list":["post-1906","post","type-post","status-publish","format-standard","hentry","category-it-management","tag-cloud","tag-corporate-it","tag-mobile-computing","tag-soa"],"_links":{"self":[{"href":"https:\/\/www.bernhardschloss.de\/blog\/wp-json\/wp\/v2\/posts\/1906","targetHints":{"allow":["GET"]}}],"collection":[{"href":"https:\/\/www.bernhardschloss.de\/blog\/wp-json\/wp\/v2\/posts"}],"about":[{"href":"https:\/\/www.bernhardschloss.de\/blog\/wp-json\/wp\/v2\/types\/post"}],"author":[{"embeddable":true,"href":"https:\/\/www.bernhardschloss.de\/blog\/wp-json\/wp\/v2\/users\/4"}],"replies":[{"embeddable":true,"href":"https:\/\/www.bernhardschloss.de\/blog\/wp-json\/wp\/v2\/comments?post=1906"}],"version-history":[{"count":3,"href":"https:\/\/www.bernhardschloss.de\/blog\/wp-json\/wp\/v2\/posts\/1906\/revisions"}],"predecessor-version":[{"id":1909,"href":"https:\/\/www.bernhardschloss.de\/blog\/wp-json\/wp\/v2\/posts\/1906\/revisions\/1909"}],"wp:attachment":[{"href":"https:\/\/www.bernhardschloss.de\/blog\/wp-json\/wp\/v2\/media?parent=1906"}],"wp:term":[{"taxonomy":"category","embeddable":true,"href":"https:\/\/www.bernhardschloss.de\/blog\/wp-json\/wp\/v2\/categories?post=1906"},{"taxonomy":"post_tag","embeddable":true,"href":"https:\/\/www.bernhardschloss.de\/blog\/wp-json\/wp\/v2\/tags?post=1906"}],"curies":[{"name":"wp","href":"https:\/\/api.w.org\/{rel}","templated":true}]}}