{"id":1466,"date":"2010-08-19T18:51:34","date_gmt":"2010-08-19T16:51:34","guid":{"rendered":"http:\/\/www.bernhardschloss.de\/blog\/?p=1466"},"modified":"2010-08-19T20:31:22","modified_gmt":"2010-08-19T18:31:22","slug":"394-pm-reader","status":"publish","type":"post","link":"https:\/\/www.bernhardschloss.de\/blog\/394-pm-reader\/","title":{"rendered":"#394 PM-Reader"},"content":{"rendered":"<p>Was zuletzt in meinem Feedreader als lesenswert h\u00e4ngen blieb:<\/p>\n<ul>\n<li>Nicht lesens-, aber sehenswert: <a title=\"PM10minutes: Gesch\u00e4ftswertpriorisierung\" href=\"http:\/\/pjmb.wordpress.com\/2010\/08\/19\/pm-10-minutes-3-%e2%80%93-geschaftswertpriorisierung-im-agilen-sw-projektmanagement-%e2%80%93-video-interview-mit-bernd-oestereich\/\" target=\"_blank\">PM10minutes: Gesch\u00e4ftswertpriorisierung im agilen SW-Projektmanagement \u2013 Video-Interview mit Bernd Oestereich<\/a><\/li>\n<li>Projektmanager sind Generalisten. \u00dcber das<a title=\"entscheiderBlog: Zr Selbstfindung verurteilt\" href=\"http:\/\/www.entscheiderblog.de\/zur-selbstfindung-verurteilt-der-generalist\/\" target=\"_blank\"> Leid der Generalisten <\/a>philosophiert Kai-J\u00fcrgen Lietz. Statt Generalist kann man \u00fcbrigens auch universeller Dilletant sagen. \ud83d\ude09<\/li>\n<li>Sven Rimbach schl\u00e4gt den Bogen <a title=\"Guerilla PM: \u00dcber Katastrophen\" href=\"http:\/\/www.guerilla-projektmanagement.de\/index.php\/archives\/2010\/08\/18\/ueber-katastrophen\/\" target=\"_blank\">von der Loveparade \u00fcber Katastrophen im Allgemeinen bis hin zum Risikomanagement in Projekten<\/a>.<\/li>\n<li>Last but not least setzt sich Marcus Raitner mit <a title=\"\/misc: Pragmatische Methodik\" href=\"http:\/\/misc.raitner.de\/2010\/08\/pragmatische-methodik\/\" target=\"_blank\">Pragmatischer Methodik <\/a>im Projektmanagement auseinander.<\/li>\n<\/ul>\n<div class=\"twoclick_social_bookmarks_post_1466 social_share_privacy clearfix 1.6.4 locale-de_DE sprite-de_DE\"><\/div><div class=\"twoclick-js\"><script type=\"text\/javascript\">\/* <![CDATA[ *\/\njQuery(document).ready(function($){if($('.twoclick_social_bookmarks_post_1466')){$('.twoclick_social_bookmarks_post_1466').socialSharePrivacy({\"services\":{\"facebook\":{\"status\":\"on\",\"txt_info\":\"\",\"perma_option\":\"off\",\"action\":\"recommend\",\"language\":\"de_DE\"},\"twitter\":{\"reply_to\":\"schlossblog\",\"tweet_text\":\"%23394%20PM-Reader%20%C2%BB%20schlossBlog\",\"status\":\"on\",\"txt_info\":\"\",\"perma_option\":\"off\",\"language\":\"de\",\"referrer_track\":\"\"},\"xing\":{\"status\":\"on\",\"txt_info\":\"\",\"perma_option\":\"off\",\"language\":\"de\",\"referrer_track\":\"\"},\"t3n\":{\"status\":\"on\",\"txt_info\":\"2 Klicks f\\u00fcr mehr Datenschutz: Erst wenn Sie hier klicken, wird der Button aktiv und Sie k\\u00f6nnen Ihre Empfehlung an t3n senden. Schon beim Aktivieren werden Daten an Dritte \\u00fcbertragen - siehe <em>i<\\\/em>.\",\"perma_option\":\"off\"},\"linkedin\":{\"status\":\"on\",\"txt_info\":\"2 Klicks f\\u00fcr mehr Datenschutz: Erst wenn Sie hier klicken, wird der Button aktiv und Sie k\\u00f6nnen Ihre Empfehlung an LinkedIn senden. Schon beim Aktivieren werden Daten an Dritte \\u00fcbertragen - siehe <em>i<\\\/em>.\",\"perma_option\":\"off\"}},\"txt_help\":\"\",\"settings_perma\":\"\",\"info_link\":\"\",\"uri\":\"https:\\\/\\\/www.bernhardschloss.de\\\/blog\\\/394-pm-reader\\\/\",\"post_id\":1466,\"post_title_referrer_track\":\"%23394+PM-Reader\",\"display_infobox\":\"on\"});}});\n\/* ]]> *\/<\/script><\/div>","protected":false},"excerpt":{"rendered":"<p>Was zuletzt in meinem Feedreader als lesenswert h\u00e4ngen blieb: Nicht lesens-, aber sehenswert: PM10minutes: Gesch\u00e4ftswertpriorisierung im agilen SW-Projektmanagement \u2013 Video-Interview mit Bernd Oestereich Projektmanager sind Generalisten. \u00dcber das Leid der Generalisten philosophiert Kai-J\u00fcrgen Lietz. Statt Generalist kann man \u00fcbrigens auch universeller Dilletant sagen. \ud83d\ude09 Sven Rimbach schl\u00e4gt den Bogen von der Loveparade \u00fcber Katastrophen im [&hellip;]<\/p>\n","protected":false},"author":4,"featured_media":0,"comment_status":"open","ping_status":"open","sticky":false,"template":"","format":"standard","meta":{"_crdt_document":"","footnotes":""},"categories":[8,10,11],"tags":[150,151,149],"class_list":["post-1466","post","type-post","status-publish","format-standard","hentry","category-projektmanagement","category-risikomanagement","category-softwareentwicklung","tag-agile-sw-entwickung","tag-generalist","tag-katastrophe"],"_links":{"self":[{"href":"https:\/\/www.bernhardschloss.de\/blog\/wp-json\/wp\/v2\/posts\/1466","targetHints":{"allow":["GET"]}}],"collection":[{"href":"https:\/\/www.bernhardschloss.de\/blog\/wp-json\/wp\/v2\/posts"}],"about":[{"href":"https:\/\/www.bernhardschloss.de\/blog\/wp-json\/wp\/v2\/types\/post"}],"author":[{"embeddable":true,"href":"https:\/\/www.bernhardschloss.de\/blog\/wp-json\/wp\/v2\/users\/4"}],"replies":[{"embeddable":true,"href":"https:\/\/www.bernhardschloss.de\/blog\/wp-json\/wp\/v2\/comments?post=1466"}],"version-history":[{"count":4,"href":"https:\/\/www.bernhardschloss.de\/blog\/wp-json\/wp\/v2\/posts\/1466\/revisions"}],"predecessor-version":[{"id":1469,"href":"https:\/\/www.bernhardschloss.de\/blog\/wp-json\/wp\/v2\/posts\/1466\/revisions\/1469"}],"wp:attachment":[{"href":"https:\/\/www.bernhardschloss.de\/blog\/wp-json\/wp\/v2\/media?parent=1466"}],"wp:term":[{"taxonomy":"category","embeddable":true,"href":"https:\/\/www.bernhardschloss.de\/blog\/wp-json\/wp\/v2\/categories?post=1466"},{"taxonomy":"post_tag","embeddable":true,"href":"https:\/\/www.bernhardschloss.de\/blog\/wp-json\/wp\/v2\/tags?post=1466"}],"curies":[{"name":"wp","href":"https:\/\/api.w.org\/{rel}","templated":true}]}}