{"id":1425,"date":"2010-07-28T07:21:44","date_gmt":"2010-07-28T05:21:44","guid":{"rendered":"http:\/\/www.bernhardschloss.de\/blog\/?p=1425"},"modified":"2010-07-28T07:21:44","modified_gmt":"2010-07-28T05:21:44","slug":"384-vernetzung-im-pm","status":"publish","type":"post","link":"https:\/\/www.bernhardschloss.de\/blog\/384-vernetzung-im-pm\/","title":{"rendered":"#384 Vernetzung im PM"},"content":{"rendered":"<p>Mit<a title=\"PM-Blog: 5 Thesen zur Vernetzung des PM\" href=\"http:\/\/pm-blog.com\/2010\/07\/24\/5-thesen-zur-vernetzung-im-projektmanagement\" target=\"_blank\"> 5 Thesen zu Vernetzung im Projektmanagement <\/a>geht Stefan Hagen auf unsere Diskussion \u00fcber die <a title=\"schlossBlog #373 PM-Blogs multimedial\" href=\"http:\/\/www.bernhardschloss.de\/blog\/?p=1364\" target=\"_blank\">Entwicklung der PM-Blogs<\/a> und eine etwaige <a title=\"schlossBlog #374: PM-M\u00fcdigkeit?\" href=\"http:\/\/blog.brodzinski.com\/2010\/02\/dont-stick-to-specs.html\" target=\"_blank\">PM-M\u00fcdigkeit <\/a>ein.<\/p>\n<p>Wie schon im Beitrag\u00a0PM-M\u00fcdigkeit festgestellt, glaube ich, dass sich die Verwendung des PM-Begriffs schleichend ver\u00e4ndert hat und mit ihr nat\u00fcrlich auch die PM-Community. Projekte sind heute oftmals nur mehr Planungsentit\u00e4ten im Budgetierungsprozess, w\u00e4hrend sie urspr\u00fcnglich aus der Probleml\u00f6sung bzw. der Organisation des Probleml\u00f6sungsprozesses kamen. Parallel findet sich im agilen Lager eine Gegenbewegung zu dieser B\u00fcrokratisierung des PM. Wobei dies nicht auf alles unter dem Mantel des Agilen zutrifft. Teilweise dient das Buzzword &#8222;agil&#8220; auch nur als Alibi, um eine Abkehr von Methoden zu rechtfertigen.<\/p>\n<div class=\"twoclick_social_bookmarks_post_1425 social_share_privacy clearfix 1.6.4 locale-de_DE sprite-de_DE\"><\/div><div class=\"twoclick-js\"><script type=\"text\/javascript\">\/* <![CDATA[ *\/\njQuery(document).ready(function($){if($('.twoclick_social_bookmarks_post_1425')){$('.twoclick_social_bookmarks_post_1425').socialSharePrivacy({\"services\":{\"facebook\":{\"status\":\"on\",\"txt_info\":\"\",\"perma_option\":\"off\",\"action\":\"recommend\",\"language\":\"de_DE\"},\"twitter\":{\"reply_to\":\"schlossblog\",\"tweet_text\":\"%23384%20Vernetzung%20im%20PM%20%C2%BB%20schlossBlog\",\"status\":\"on\",\"txt_info\":\"\",\"perma_option\":\"off\",\"language\":\"de\",\"referrer_track\":\"\"},\"xing\":{\"status\":\"on\",\"txt_info\":\"\",\"perma_option\":\"off\",\"language\":\"de\",\"referrer_track\":\"\"},\"t3n\":{\"status\":\"on\",\"txt_info\":\"2 Klicks f\\u00fcr mehr Datenschutz: Erst wenn Sie hier klicken, wird der Button aktiv und Sie k\\u00f6nnen Ihre Empfehlung an t3n senden. Schon beim Aktivieren werden Daten an Dritte \\u00fcbertragen - siehe <em>i<\\\/em>.\",\"perma_option\":\"off\"},\"linkedin\":{\"status\":\"on\",\"txt_info\":\"2 Klicks f\\u00fcr mehr Datenschutz: Erst wenn Sie hier klicken, wird der Button aktiv und Sie k\\u00f6nnen Ihre Empfehlung an LinkedIn senden. Schon beim Aktivieren werden Daten an Dritte \\u00fcbertragen - siehe <em>i<\\\/em>.\",\"perma_option\":\"off\"}},\"txt_help\":\"\",\"settings_perma\":\"\",\"info_link\":\"\",\"uri\":\"https:\\\/\\\/www.bernhardschloss.de\\\/blog\\\/384-vernetzung-im-pm\\\/\",\"post_id\":1425,\"post_title_referrer_track\":\"%23384+Vernetzung+im+PM\",\"display_infobox\":\"on\"});}});\n\/* ]]> *\/<\/script><\/div>","protected":false},"excerpt":{"rendered":"<p>Mit 5 Thesen zu Vernetzung im Projektmanagement geht Stefan Hagen auf unsere Diskussion \u00fcber die Entwicklung der PM-Blogs und eine etwaige PM-M\u00fcdigkeit ein. Wie schon im Beitrag\u00a0PM-M\u00fcdigkeit festgestellt, glaube ich, dass sich die Verwendung des PM-Begriffs schleichend ver\u00e4ndert hat und mit ihr nat\u00fcrlich auch die PM-Community. Projekte sind heute oftmals nur mehr Planungsentit\u00e4ten im Budgetierungsprozess, [&hellip;]<\/p>\n","protected":false},"author":4,"featured_media":0,"comment_status":"open","ping_status":"open","sticky":false,"template":"","format":"standard","meta":{"_crdt_document":"","footnotes":""},"categories":[8],"tags":[134,137,564,136],"class_list":["post-1425","post","type-post","status-publish","format-standard","hentry","category-projektmanagement","tag-agiles-pm","tag-budgetierung","tag-planung","tag-pm-community"],"_links":{"self":[{"href":"https:\/\/www.bernhardschloss.de\/blog\/wp-json\/wp\/v2\/posts\/1425","targetHints":{"allow":["GET"]}}],"collection":[{"href":"https:\/\/www.bernhardschloss.de\/blog\/wp-json\/wp\/v2\/posts"}],"about":[{"href":"https:\/\/www.bernhardschloss.de\/blog\/wp-json\/wp\/v2\/types\/post"}],"author":[{"embeddable":true,"href":"https:\/\/www.bernhardschloss.de\/blog\/wp-json\/wp\/v2\/users\/4"}],"replies":[{"embeddable":true,"href":"https:\/\/www.bernhardschloss.de\/blog\/wp-json\/wp\/v2\/comments?post=1425"}],"version-history":[{"count":3,"href":"https:\/\/www.bernhardschloss.de\/blog\/wp-json\/wp\/v2\/posts\/1425\/revisions"}],"predecessor-version":[{"id":1428,"href":"https:\/\/www.bernhardschloss.de\/blog\/wp-json\/wp\/v2\/posts\/1425\/revisions\/1428"}],"wp:attachment":[{"href":"https:\/\/www.bernhardschloss.de\/blog\/wp-json\/wp\/v2\/media?parent=1425"}],"wp:term":[{"taxonomy":"category","embeddable":true,"href":"https:\/\/www.bernhardschloss.de\/blog\/wp-json\/wp\/v2\/categories?post=1425"},{"taxonomy":"post_tag","embeddable":true,"href":"https:\/\/www.bernhardschloss.de\/blog\/wp-json\/wp\/v2\/tags?post=1425"}],"curies":[{"name":"wp","href":"https:\/\/api.w.org\/{rel}","templated":true}]}}