{"id":1367,"date":"2010-07-07T20:41:23","date_gmt":"2010-07-07T18:41:23","guid":{"rendered":"http:\/\/www.bernhardschloss.de\/blog\/?p=1367"},"modified":"2010-07-07T20:42:01","modified_gmt":"2010-07-07T18:42:01","slug":"374-pm-mudigkeit","status":"publish","type":"post","link":"https:\/\/www.bernhardschloss.de\/blog\/374-pm-mudigkeit\/","title":{"rendered":"#374 PM M\u00fcdigkeit?"},"content":{"rendered":"<p>Andreas Kommentar zum <a title=\"schlossBlog #374 PM-Blogs multimedial\" href=\"http:\/\/www.bernhardschloss.de\/blog\/?p=1364\" target=\"_blank\">vorangehenden Thread<\/a> hat gesessen. Da stellt er &#8211; nicht zu unrecht &#8211; fest, dass die deutsche PM-Blogger-Szene ein wenig eingeschlafen ist und fragt, was passiert ist. Hier, lieber Andreas, der Versuch einer Antwort:<\/p>\n<p>Vielleicht haben wir PM-Blogger das Medium Blog schon ein bisschen ausgereizt, haben fast alle schon mehrj\u00e4hrige Erfahrungen damit, sind halt nicht mehr so frisch. Das w\u00fcrde erkl\u00e4ren, warum der eine oder andere Experimente wie Videopodcasts (Stefan Hagen, Bas de Bar, Andreas Heilwagen) oder einem Buchprojekt (Eberhard Huber) versucht. Dazu kommt der Sommer und Urlaubszeit, ja ich gebe es zu, das war sicher eine der Ursachen f\u00fcr Nachl\u00e4ssigkeiten auf dieser Seite. Wirklich schade aber ist, dass auch die Vernetzung und der Diskurs zur\u00fcckgegangen sind, aber\u00a0 &#8211; wie du siehst, Andreas &#8211; hier hast du bei\u00a0mir wieder eine Ader getroffen, aber angesichts von Telefon- und Online-Konferenzen, Mails, Waves und was es sonst noch alles in unserem modernen Arbeitsalltag gibt, sind wir hier vielleicht wirklich etwas m\u00fcde geworden.<\/p>\n<p>Das ist die eine Seite. Ich m\u00f6chte aber auch noch eine andere Seite aufgreifen: Die Inflation von Projekten (manchmal auch als Projektitis bezeichnet). Mittlerweile haben Projekte \u00fcberall Einzug\u00a0 erhalten und sind omnipr\u00e4sent. Als Organisationsform sind sie nicht mehr au\u00dfergew\u00f6hnlich sondern allt\u00e4glich. Damit einhergegangen ist aber leider auch ein R\u00fcckgang der Projektkultur. Alles wird zum Projekt. Projekte werden nur mehr zum Budgetierungsobjekt, werden in Programmen und Projektportfolios hin und hergeschoben, dabei wird Sinn, Zweck und Charakter der Projektarbeit immer mehr vergessen. Der Charakter von Probleml\u00f6sung und Teamarbeit tritt in den Hintergrund. Die gro\u00dfen PM-Organisationen vermarkten ihre Standards anstatt Projektkultur zu f\u00f6rdern. Haben PM-Zertifizierungen noch wirklich etwas mit Projektkultur zu tun? Man hat sich hier leider in die gleiche Abw\u00e4rtsspirale begeben wie im Qualit\u00e4tsmanagement mit dem ISO-Zertifizierungswahn oder in der IT mit ITIL &amp; Co. Aber um nicht missverstanden zu werden: Qualit\u00e4t und Best-Practice-IT-Prozesse sind etwas wunderbares, aber nichts was man \u00fcber Zertifizierungen und Standards erreicht, sondern \u00fcber Kultur. Insofern pl\u00e4diere ich auch weiterhin f\u00fcr Projektarbeit, aber halt nicht als leere Blase, sonder gef\u00fcllt mit Inhalten.<\/p>\n<div class=\"twoclick_social_bookmarks_post_1367 social_share_privacy clearfix 1.6.4 locale-de_DE sprite-de_DE\"><\/div><div class=\"twoclick-js\"><script type=\"text\/javascript\">\/* <![CDATA[ *\/\njQuery(document).ready(function($){if($('.twoclick_social_bookmarks_post_1367')){$('.twoclick_social_bookmarks_post_1367').socialSharePrivacy({\"services\":{\"facebook\":{\"status\":\"on\",\"txt_info\":\"\",\"perma_option\":\"off\",\"action\":\"recommend\",\"language\":\"de_DE\"},\"twitter\":{\"reply_to\":\"schlossblog\",\"tweet_text\":\"%23374%20PM%20M%C3%BCdigkeit%3F%20%C2%BB%20schlossBlog\",\"status\":\"on\",\"txt_info\":\"\",\"perma_option\":\"off\",\"language\":\"de\",\"referrer_track\":\"\"},\"xing\":{\"status\":\"on\",\"txt_info\":\"\",\"perma_option\":\"off\",\"language\":\"de\",\"referrer_track\":\"\"},\"t3n\":{\"status\":\"on\",\"txt_info\":\"2 Klicks f\\u00fcr mehr Datenschutz: Erst wenn Sie hier klicken, wird der Button aktiv und Sie k\\u00f6nnen Ihre Empfehlung an t3n senden. Schon beim Aktivieren werden Daten an Dritte \\u00fcbertragen - siehe <em>i<\\\/em>.\",\"perma_option\":\"off\"},\"linkedin\":{\"status\":\"on\",\"txt_info\":\"2 Klicks f\\u00fcr mehr Datenschutz: Erst wenn Sie hier klicken, wird der Button aktiv und Sie k\\u00f6nnen Ihre Empfehlung an LinkedIn senden. Schon beim Aktivieren werden Daten an Dritte \\u00fcbertragen - siehe <em>i<\\\/em>.\",\"perma_option\":\"off\"}},\"txt_help\":\"\",\"settings_perma\":\"\",\"info_link\":\"\",\"uri\":\"https:\\\/\\\/www.bernhardschloss.de\\\/blog\\\/374-pm-mudigkeit\\\/\",\"post_id\":1367,\"post_title_referrer_track\":\"%23374+PM+M%C3%BCdigkeit%3F\",\"display_infobox\":\"on\"});}});\n\/* ]]> *\/<\/script><\/div>","protected":false},"excerpt":{"rendered":"<p>Andreas Kommentar zum vorangehenden Thread hat gesessen. Da stellt er &#8211; nicht zu unrecht &#8211; fest, dass die deutsche PM-Blogger-Szene ein wenig eingeschlafen ist und fragt, was passiert ist. Hier, lieber Andreas, der Versuch einer Antwort: Vielleicht haben wir PM-Blogger das Medium Blog schon ein bisschen ausgereizt, haben fast alle schon mehrj\u00e4hrige Erfahrungen damit, sind [&hellip;]<\/p>\n","protected":false},"author":4,"featured_media":0,"comment_status":"open","ping_status":"open","sticky":false,"template":"","format":"standard","meta":{"_crdt_document":"","footnotes":""},"categories":[8],"tags":[],"class_list":["post-1367","post","type-post","status-publish","format-standard","hentry","category-projektmanagement"],"_links":{"self":[{"href":"https:\/\/www.bernhardschloss.de\/blog\/wp-json\/wp\/v2\/posts\/1367","targetHints":{"allow":["GET"]}}],"collection":[{"href":"https:\/\/www.bernhardschloss.de\/blog\/wp-json\/wp\/v2\/posts"}],"about":[{"href":"https:\/\/www.bernhardschloss.de\/blog\/wp-json\/wp\/v2\/types\/post"}],"author":[{"embeddable":true,"href":"https:\/\/www.bernhardschloss.de\/blog\/wp-json\/wp\/v2\/users\/4"}],"replies":[{"embeddable":true,"href":"https:\/\/www.bernhardschloss.de\/blog\/wp-json\/wp\/v2\/comments?post=1367"}],"version-history":[{"count":4,"href":"https:\/\/www.bernhardschloss.de\/blog\/wp-json\/wp\/v2\/posts\/1367\/revisions"}],"predecessor-version":[{"id":1371,"href":"https:\/\/www.bernhardschloss.de\/blog\/wp-json\/wp\/v2\/posts\/1367\/revisions\/1371"}],"wp:attachment":[{"href":"https:\/\/www.bernhardschloss.de\/blog\/wp-json\/wp\/v2\/media?parent=1367"}],"wp:term":[{"taxonomy":"category","embeddable":true,"href":"https:\/\/www.bernhardschloss.de\/blog\/wp-json\/wp\/v2\/categories?post=1367"},{"taxonomy":"post_tag","embeddable":true,"href":"https:\/\/www.bernhardschloss.de\/blog\/wp-json\/wp\/v2\/tags?post=1367"}],"curies":[{"name":"wp","href":"https:\/\/api.w.org\/{rel}","templated":true}]}}