{"id":110,"date":"2008-08-28T21:21:26","date_gmt":"2008-08-28T19:21:26","guid":{"rendered":"http:\/\/www.bernhardschloss.de\/blog\/?p=110"},"modified":"2008-08-28T21:21:26","modified_gmt":"2008-08-28T19:21:26","slug":"81-anteil-der-projektarbeit-steigt","status":"publish","type":"post","link":"https:\/\/www.bernhardschloss.de\/blog\/81-anteil-der-projektarbeit-steigt\/","title":{"rendered":"#81 Anteil der Projektarbeit steigt"},"content":{"rendered":"<p>Nach Sch\u00e4tzung der Deutschen Bank Research hat im Jahr 2007 Projektarbeit 2% der nationalen Wertsch\u00f6pfung ausgemacht. Bis zum Jahr 2020 wird sich dieser Antiel, so sch\u00e4tzen die Experten, auf 15% erh\u00f6hen.<\/p>\n<p>zitiert nach:<br \/>\n<a title=\"schlossblog\" href=\"http:\/\/www.bernhardschloss.de\/blog\/?p=108\" target=\"_blank\">Andreas Wald, et. al., Projektwissensmangement. Status quo, Gestaltungsfaktoren, Erfolgsdeterminanten. Kurzbericht zur Studie, Oestrich-Winkel, 2008<\/a><\/p>\n<div class=\"twoclick_social_bookmarks_post_110 social_share_privacy clearfix 1.6.4 locale-de_DE sprite-de_DE\"><\/div><div class=\"twoclick-js\"><script type=\"text\/javascript\">\/* <![CDATA[ *\/\njQuery(document).ready(function($){if($('.twoclick_social_bookmarks_post_110')){$('.twoclick_social_bookmarks_post_110').socialSharePrivacy({\"services\":{\"facebook\":{\"status\":\"on\",\"txt_info\":\"\",\"perma_option\":\"off\",\"action\":\"recommend\",\"language\":\"de_DE\"},\"twitter\":{\"reply_to\":\"schlossblog\",\"tweet_text\":\"%2381%20Anteil%20der%20Projektarbeit%20steigt%20%C2%BB%20schlossBlog\",\"status\":\"on\",\"txt_info\":\"\",\"perma_option\":\"off\",\"language\":\"de\",\"referrer_track\":\"\"},\"xing\":{\"status\":\"on\",\"txt_info\":\"\",\"perma_option\":\"off\",\"language\":\"de\",\"referrer_track\":\"\"},\"t3n\":{\"status\":\"on\",\"txt_info\":\"2 Klicks f\\u00fcr mehr Datenschutz: Erst wenn Sie hier klicken, wird der Button aktiv und Sie k\\u00f6nnen Ihre Empfehlung an t3n senden. Schon beim Aktivieren werden Daten an Dritte \\u00fcbertragen - siehe <em>i<\\\/em>.\",\"perma_option\":\"off\"},\"linkedin\":{\"status\":\"on\",\"txt_info\":\"2 Klicks f\\u00fcr mehr Datenschutz: Erst wenn Sie hier klicken, wird der Button aktiv und Sie k\\u00f6nnen Ihre Empfehlung an LinkedIn senden. Schon beim Aktivieren werden Daten an Dritte \\u00fcbertragen - siehe <em>i<\\\/em>.\",\"perma_option\":\"off\"}},\"txt_help\":\"\",\"settings_perma\":\"\",\"info_link\":\"\",\"uri\":\"https:\\\/\\\/www.bernhardschloss.de\\\/blog\\\/81-anteil-der-projektarbeit-steigt\\\/\",\"post_id\":110,\"post_title_referrer_track\":\"%2381+Anteil+der+Projektarbeit+steigt\",\"display_infobox\":\"on\"});}});\n\/* ]]> *\/<\/script><\/div>","protected":false},"excerpt":{"rendered":"<p>Nach Sch\u00e4tzung der Deutschen Bank Research hat im Jahr 2007 Projektarbeit 2% der nationalen Wertsch\u00f6pfung ausgemacht. Bis zum Jahr 2020 wird sich dieser Antiel, so sch\u00e4tzen die Experten, auf 15% erh\u00f6hen. zitiert nach: Andreas Wald, et. al., Projektwissensmangement. Status quo, Gestaltungsfaktoren, Erfolgsdeterminanten. Kurzbericht zur Studie, Oestrich-Winkel, 2008<\/p>\n","protected":false},"author":4,"featured_media":0,"comment_status":"open","ping_status":"open","sticky":false,"template":"","format":"standard","meta":{"_crdt_document":"","footnotes":""},"categories":[1,8],"tags":[],"class_list":["post-110","post","type-post","status-publish","format-standard","hentry","category-allgemein","category-projektmanagement"],"_links":{"self":[{"href":"https:\/\/www.bernhardschloss.de\/blog\/wp-json\/wp\/v2\/posts\/110","targetHints":{"allow":["GET"]}}],"collection":[{"href":"https:\/\/www.bernhardschloss.de\/blog\/wp-json\/wp\/v2\/posts"}],"about":[{"href":"https:\/\/www.bernhardschloss.de\/blog\/wp-json\/wp\/v2\/types\/post"}],"author":[{"embeddable":true,"href":"https:\/\/www.bernhardschloss.de\/blog\/wp-json\/wp\/v2\/users\/4"}],"replies":[{"embeddable":true,"href":"https:\/\/www.bernhardschloss.de\/blog\/wp-json\/wp\/v2\/comments?post=110"}],"version-history":[{"count":2,"href":"https:\/\/www.bernhardschloss.de\/blog\/wp-json\/wp\/v2\/posts\/110\/revisions"}],"predecessor-version":[{"id":129,"href":"https:\/\/www.bernhardschloss.de\/blog\/wp-json\/wp\/v2\/posts\/110\/revisions\/129"}],"wp:attachment":[{"href":"https:\/\/www.bernhardschloss.de\/blog\/wp-json\/wp\/v2\/media?parent=110"}],"wp:term":[{"taxonomy":"category","embeddable":true,"href":"https:\/\/www.bernhardschloss.de\/blog\/wp-json\/wp\/v2\/categories?post=110"},{"taxonomy":"post_tag","embeddable":true,"href":"https:\/\/www.bernhardschloss.de\/blog\/wp-json\/wp\/v2\/tags?post=110"}],"curies":[{"name":"wp","href":"https:\/\/api.w.org\/{rel}","templated":true}]}}