{"id":1094,"date":"2009-12-15T21:28:21","date_gmt":"2009-12-15T19:28:21","guid":{"rendered":"http:\/\/www.bernhardschloss.de\/blog\/?p=1094"},"modified":"2009-12-25T19:54:48","modified_gmt":"2009-12-25T17:54:48","slug":"309-uberfordert-von-internet-social-media-co","status":"publish","type":"post","link":"https:\/\/www.bernhardschloss.de\/blog\/309-uberfordert-von-internet-social-media-co\/","title":{"rendered":"#309 \u00dcberfordert von Internet, Social Media &#038; Co"},"content":{"rendered":"<p>Spiegel online setzt sich mit Internet, Social Media &amp; Co auseinander:<\/p>\n<p>Fangen wir an mit der <a title=\"SPON: Mediennutzung\" href=\"http:\/\/www.spiegel.de\/netzwelt\/web\/0,1518,666289,00.html\" target=\"_blank\">Zusammenfassung der Studie &#8222;How much information? 2009&#8220;<\/a> der University of California. War Ihnen bewusst, dass wir (oder zumindest der durchschnittliche US-Amerikaner) pro Tag 34GB Daten nutzen?<\/p>\n<p>Da kann man schon verstehen, <a title=\"SPON: Mein Kopf kommt nicht mehr mit\" href=\"http:\/\/www.spiegel.de\/spiegel\/0,1518,661307,00.html\" target=\"_blank\">wenn jemand wie der F.A.Z.-Herausgeber Frank Schirrmacher zum Kulturpessimisten wird<\/a> und sich \u00fcberfordert f\u00fchlt. Die \u00dcberforderung ist aber nichts Negatives, sondern auch <a title=\"SPON: Die bedrohte Elite\" href=\"http:\/\/www.spiegel.de\/spiegel\/0,1518,665806,00.html\" target=\"_blank\">Triebfeder f\u00fcr zivilisatorischen Fortschritt<\/a>, so die Replik von Sascha Lobo\u00a0auf den Beitrag von Schirrmacher. Kulturelle \u00dcberforderung ist demnach auch nichts Neues\/Modernes und ein bisschen auch eine Generationenfrage:<\/p>\n<blockquote><p>Zu allen Zeiten gaben Tempo und Ausma\u00df der gesellschaftlichen Ver\u00e4nderungen samt ihrer Auswirkungen auf die praktisch bereits verloren gegebene Jugend der vorhergehenden Generation Grund zur Klage.<\/p><\/blockquote>\n<div class=\"twoclick_social_bookmarks_post_1094 social_share_privacy clearfix 1.6.4 locale-de_DE sprite-de_DE\"><\/div><div class=\"twoclick-js\"><script type=\"text\/javascript\">\/* <![CDATA[ *\/\njQuery(document).ready(function($){if($('.twoclick_social_bookmarks_post_1094')){$('.twoclick_social_bookmarks_post_1094').socialSharePrivacy({\"services\":{\"facebook\":{\"status\":\"on\",\"txt_info\":\"\",\"perma_option\":\"off\",\"action\":\"recommend\",\"language\":\"de_DE\"},\"twitter\":{\"reply_to\":\"schlossblog\",\"tweet_text\":\"%20%23309%20%C3%9Cberfordert%20von%20Internet%2C%20Social%20Media%20%26%20Co%20%C2%BB%20...\",\"status\":\"on\",\"txt_info\":\"\",\"perma_option\":\"off\",\"language\":\"de\",\"referrer_track\":\"\"},\"xing\":{\"status\":\"on\",\"txt_info\":\"\",\"perma_option\":\"off\",\"language\":\"de\",\"referrer_track\":\"\"},\"t3n\":{\"status\":\"on\",\"txt_info\":\"2 Klicks f\\u00fcr mehr Datenschutz: Erst wenn Sie hier klicken, wird der Button aktiv und Sie k\\u00f6nnen Ihre Empfehlung an t3n senden. Schon beim Aktivieren werden Daten an Dritte \\u00fcbertragen - siehe <em>i<\\\/em>.\",\"perma_option\":\"off\"},\"linkedin\":{\"status\":\"on\",\"txt_info\":\"2 Klicks f\\u00fcr mehr Datenschutz: Erst wenn Sie hier klicken, wird der Button aktiv und Sie k\\u00f6nnen Ihre Empfehlung an LinkedIn senden. Schon beim Aktivieren werden Daten an Dritte \\u00fcbertragen - siehe <em>i<\\\/em>.\",\"perma_option\":\"off\"}},\"txt_help\":\"\",\"settings_perma\":\"\",\"info_link\":\"\",\"uri\":\"https:\\\/\\\/www.bernhardschloss.de\\\/blog\\\/309-uberfordert-von-internet-social-media-co\\\/\",\"post_id\":1094,\"post_title_referrer_track\":\"%23309+%C3%9Cberfordert+von+Internet%2C+Social+Media+%26%23038%3B+Co\",\"display_infobox\":\"on\"});}});\n\/* ]]> *\/<\/script><\/div>","protected":false},"excerpt":{"rendered":"<p>Spiegel online setzt sich mit Internet, Social Media &amp; Co auseinander: Fangen wir an mit der Zusammenfassung der Studie &#8222;How much information? 2009&#8220; der University of California. War Ihnen bewusst, dass wir (oder zumindest der durchschnittliche US-Amerikaner) pro Tag 34GB Daten nutzen? Da kann man schon verstehen, wenn jemand wie der F.A.Z.-Herausgeber Frank Schirrmacher zum [&hellip;]<\/p>\n","protected":false},"author":4,"featured_media":0,"comment_status":"open","ping_status":"open","sticky":false,"template":"","format":"standard","meta":{"_crdt_document":"","footnotes":""},"categories":[1],"tags":[23],"class_list":["post-1094","post","type-post","status-publish","format-standard","hentry","category-allgemein","tag-internet"],"_links":{"self":[{"href":"https:\/\/www.bernhardschloss.de\/blog\/wp-json\/wp\/v2\/posts\/1094","targetHints":{"allow":["GET"]}}],"collection":[{"href":"https:\/\/www.bernhardschloss.de\/blog\/wp-json\/wp\/v2\/posts"}],"about":[{"href":"https:\/\/www.bernhardschloss.de\/blog\/wp-json\/wp\/v2\/types\/post"}],"author":[{"embeddable":true,"href":"https:\/\/www.bernhardschloss.de\/blog\/wp-json\/wp\/v2\/users\/4"}],"replies":[{"embeddable":true,"href":"https:\/\/www.bernhardschloss.de\/blog\/wp-json\/wp\/v2\/comments?post=1094"}],"version-history":[{"count":3,"href":"https:\/\/www.bernhardschloss.de\/blog\/wp-json\/wp\/v2\/posts\/1094\/revisions"}],"predecessor-version":[{"id":1104,"href":"https:\/\/www.bernhardschloss.de\/blog\/wp-json\/wp\/v2\/posts\/1094\/revisions\/1104"}],"wp:attachment":[{"href":"https:\/\/www.bernhardschloss.de\/blog\/wp-json\/wp\/v2\/media?parent=1094"}],"wp:term":[{"taxonomy":"category","embeddable":true,"href":"https:\/\/www.bernhardschloss.de\/blog\/wp-json\/wp\/v2\/categories?post=1094"},{"taxonomy":"post_tag","embeddable":true,"href":"https:\/\/www.bernhardschloss.de\/blog\/wp-json\/wp\/v2\/tags?post=1094"}],"curies":[{"name":"wp","href":"https:\/\/api.w.org\/{rel}","templated":true}]}}