{"id":1039,"date":"2009-11-24T21:56:56","date_gmt":"2009-11-24T19:56:56","guid":{"rendered":"http:\/\/www.bernhardschloss.de\/blog\/?p=1039"},"modified":"2009-11-24T21:56:56","modified_gmt":"2009-11-24T19:56:56","slug":"293-planungshorizont-und-planungsdichte","status":"publish","type":"post","link":"https:\/\/www.bernhardschloss.de\/blog\/293-planungshorizont-und-planungsdichte\/","title":{"rendered":"#293 Planungshorizont und &#8222;Planungsdichte&#8220;"},"content":{"rendered":"<p>Pat Weaver setzt sich in einem lesenswerten Thread auf Mosaicproject\u00b4s Blog mit dem Planungshorizont, genauer: mit der <a title=\"Mosaicproject's Blog: Schedule Density\" href=\"http:\/\/mosaicprojects.wordpress.com\/2009\/11\/23\/schedule-density\/\" target=\"_blank\">&#8222;Planungsdichte&#8220; &#8211; Schedule\u00a0Density<\/a> auseinander. Bei weitem nicht alle Vorg\u00e4nge brauchen die\u00a0gleiche Planungstiefe. Anfangs reichen gr\u00f6bere Absch\u00e4tzungen, aber f\u00fcr die hei\u00dfen Phasen kommt man um eine Detaillierung nicht herum. In vielen IT-Projekten kann man dies best\u00e4tigt finden. Werden Konzeption, Realisierung und Test mitunter noch auf Tages- oder Wochenebene geplant, kann es f\u00fcr GoLive oder Migration schon in den Minutenbereich gehen. H\u00e4ufig entstehen dann eigene Planungen neben der Gesamtprojektplanung (n\u00e4mlich Migrationsplan oder GoLive.Plan).<\/p>\n<div class=\"twoclick_social_bookmarks_post_1039 social_share_privacy clearfix 1.6.4 locale-de_DE sprite-de_DE\"><\/div><div class=\"twoclick-js\"><script type=\"text\/javascript\">\/* <![CDATA[ *\/\njQuery(document).ready(function($){if($('.twoclick_social_bookmarks_post_1039')){$('.twoclick_social_bookmarks_post_1039').socialSharePrivacy({\"services\":{\"facebook\":{\"status\":\"on\",\"txt_info\":\"\",\"perma_option\":\"off\",\"action\":\"recommend\",\"language\":\"de_DE\"},\"twitter\":{\"reply_to\":\"schlossblog\",\"tweet_text\":\"%23293%20Planungshorizont%20und%20%E2%80%9EPlanungsdichte%E2%80%9C%20%C2%BB%20schlossBlog\",\"status\":\"on\",\"txt_info\":\"\",\"perma_option\":\"off\",\"language\":\"de\",\"referrer_track\":\"\"},\"xing\":{\"status\":\"on\",\"txt_info\":\"\",\"perma_option\":\"off\",\"language\":\"de\",\"referrer_track\":\"\"},\"t3n\":{\"status\":\"on\",\"txt_info\":\"2 Klicks f\\u00fcr mehr Datenschutz: Erst wenn Sie hier klicken, wird der Button aktiv und Sie k\\u00f6nnen Ihre Empfehlung an t3n senden. Schon beim Aktivieren werden Daten an Dritte \\u00fcbertragen - siehe <em>i<\\\/em>.\",\"perma_option\":\"off\"},\"linkedin\":{\"status\":\"on\",\"txt_info\":\"2 Klicks f\\u00fcr mehr Datenschutz: Erst wenn Sie hier klicken, wird der Button aktiv und Sie k\\u00f6nnen Ihre Empfehlung an LinkedIn senden. Schon beim Aktivieren werden Daten an Dritte \\u00fcbertragen - siehe <em>i<\\\/em>.\",\"perma_option\":\"off\"}},\"txt_help\":\"\",\"settings_perma\":\"\",\"info_link\":\"\",\"uri\":\"https:\\\/\\\/www.bernhardschloss.de\\\/blog\\\/293-planungshorizont-und-planungsdichte\\\/\",\"post_id\":1039,\"post_title_referrer_track\":\"%23293+Planungshorizont+und+%26%238222%3BPlanungsdichte%26%238220%3B\",\"display_infobox\":\"on\"});}});\n\/* ]]> *\/<\/script><\/div>","protected":false},"excerpt":{"rendered":"<p>Pat Weaver setzt sich in einem lesenswerten Thread auf Mosaicproject\u00b4s Blog mit dem Planungshorizont, genauer: mit der &#8222;Planungsdichte&#8220; &#8211; Schedule\u00a0Density auseinander. Bei weitem nicht alle Vorg\u00e4nge brauchen die\u00a0gleiche Planungstiefe. Anfangs reichen gr\u00f6bere Absch\u00e4tzungen, aber f\u00fcr die hei\u00dfen Phasen kommt man um eine Detaillierung nicht herum. In vielen IT-Projekten kann man dies best\u00e4tigt finden. Werden Konzeption, [&hellip;]<\/p>\n","protected":false},"author":4,"featured_media":0,"comment_status":"open","ping_status":"open","sticky":false,"template":"","format":"standard","meta":{"_crdt_document":"","footnotes":""},"categories":[7,8],"tags":[],"class_list":["post-1039","post","type-post","status-publish","format-standard","hentry","category-planung","category-projektmanagement"],"_links":{"self":[{"href":"https:\/\/www.bernhardschloss.de\/blog\/wp-json\/wp\/v2\/posts\/1039","targetHints":{"allow":["GET"]}}],"collection":[{"href":"https:\/\/www.bernhardschloss.de\/blog\/wp-json\/wp\/v2\/posts"}],"about":[{"href":"https:\/\/www.bernhardschloss.de\/blog\/wp-json\/wp\/v2\/types\/post"}],"author":[{"embeddable":true,"href":"https:\/\/www.bernhardschloss.de\/blog\/wp-json\/wp\/v2\/users\/4"}],"replies":[{"embeddable":true,"href":"https:\/\/www.bernhardschloss.de\/blog\/wp-json\/wp\/v2\/comments?post=1039"}],"version-history":[{"count":2,"href":"https:\/\/www.bernhardschloss.de\/blog\/wp-json\/wp\/v2\/posts\/1039\/revisions"}],"predecessor-version":[{"id":1041,"href":"https:\/\/www.bernhardschloss.de\/blog\/wp-json\/wp\/v2\/posts\/1039\/revisions\/1041"}],"wp:attachment":[{"href":"https:\/\/www.bernhardschloss.de\/blog\/wp-json\/wp\/v2\/media?parent=1039"}],"wp:term":[{"taxonomy":"category","embeddable":true,"href":"https:\/\/www.bernhardschloss.de\/blog\/wp-json\/wp\/v2\/categories?post=1039"},{"taxonomy":"post_tag","embeddable":true,"href":"https:\/\/www.bernhardschloss.de\/blog\/wp-json\/wp\/v2\/tags?post=1039"}],"curies":[{"name":"wp","href":"https:\/\/api.w.org\/{rel}","templated":true}]}}